{"id":8137,"date":"2013-06-30T17:03:42","date_gmt":"2013-06-30T17:03:42","guid":{"rendered":"http:\/\/fisicos21.com\/circuito-de-verano-faff-mr-y-ms-mandala-2013-faff-resultados-2\/"},"modified":"2013-06-30T17:03:42","modified_gmt":"2013-06-30T17:03:42","slug":"circuito-de-verano-faff-mr-y-ms-mandala-2013-faff-resultados-2","status":"publish","type":"post","link":"https:\/\/fisicos21.com\/?p=8137","title":{"rendered":"Circuito de Verano FAFF &#8211; Mr y Ms Mandala 2013 FAFF: Resultados"},"content":{"rendered":"<h4><strong><img loading=\"lazy\" decoding=\"async\" src=\"http:\/\/\/wp-content\/themes\/twentyten\/images\/mrmandala2013.jpg\" width=\"70\" height=\"102\" alt=\"mrmandala2013\" style=\"margin: 4px; float: left;\" \/>Circuito de Verano FAFF &#8211; Mr y Ms Mandala 2013 FAFF: Resultados<\/strong><\/h4>\n<p>La primera prueba del circuito de verano FAFF se ha disputado esta misma tarde de domingo en la localidad de Mojacar (Almer\u00eda) tenemos ya al primer ganador del verano; Miguel \u00c1ngel Angulo Conejo.<\/p>\n<p><!--more--><br \/>&nbsp; La clasificaci\u00f3n ha sido por tanto&nbsp;<\/p>\n<p><img loading=\"lazy\" decoding=\"async\" src=\"http:\/\/\/wp-content\/themes\/twentyten\/images\/mrmandala2013.jpg\" width=\"400\" alt=\"mrmandala2013\" style=\"margin: 4px; float: right;\" height=\"586\" \/><\/p>\n<p>Men\u00b4s Physique<\/p>\n<p>1\u00ba Miguel \u00c1ngel Angulo Conejo &#8211; Halc\u00f3n Gym (M\u00e1laga) &nbsp; &nbsp;que ha obtenido 5 puntos para el absoluto del circuito de verano FAFF<\/p>\n<p>Y el resto ha obtenido:<\/p>\n<ul>\n<li>Emilio Jos\u00e9 Le\u00f3n Romero &#8211; VitalSport Amix Team (Granada) &nbsp; 2 puntos<\/li>\n<li>Sergio L\u00f3pez Moral &#8211; Team Blond Beast RR10 (Granada) &nbsp; &nbsp; 2 puntos<\/li>\n<li>Antonio Rom\u00e1n Fern\u00e1ndez &nbsp; &#8211; Nadal Nutrition (Almer\u00eda) &nbsp; &nbsp; &nbsp; &nbsp;2 puntos<\/li>\n<li>Santiago David Martinez &nbsp; &#8211; Team Blond Beast RR10 (Granada) &nbsp; 2 puntos<\/li>\n<li>Jos\u00e9 Francisco Fern\u00e1ndez Campos &nbsp; &#8211; Xtreme Gym La Ca\u00f1ada (Almer\u00eda) &nbsp;2 puntos<\/li>\n<li>Pasierski Przemyslaw Leszek &#8211; &nbsp; Xtreme Gym La Ca\u00f1ada (Almer\u00eda) &nbsp; 2 puntos<\/li>\n<li>David Capel D\u00edaz &#8211; &nbsp;Xtreme Gym La Ca\u00f1ada (Almer\u00eda) &nbsp; &nbsp; &nbsp; &nbsp; 2 puntos<\/li>\n<li>\u00c1lvaro Gallardo Gil &#8211; Xtreme Gym La Ca\u00f1ada (Almer\u00eda) &nbsp; &nbsp; &nbsp; 2 puntos<\/li>\n<li>Franciscos Javier Iglesias Mart\u00ednez &#8211; Larios Team (Granada) &nbsp; 2 puntos<\/li>\n<li>Antonio Marnuel Garc\u00eda Carmona &#8211; Libre &nbsp; &nbsp; 2 puntos<\/li>\n<li>Antonio Jes\u00fas Pego \u00c1lvarez &#8211; Gym Nuevo Estilo (M\u00e1laga) &nbsp; &nbsp; 2 puntos<\/li>\n<li>Yeray Mart\u00edn Mi\u00f1arro &nbsp;&#8211; Xtreme Gym La Ca\u00f1ada (Almer\u00eda) &nbsp; &nbsp;2 puntos<\/li>\n<li>Ismael Gonz\u00e1lez Ortiz &#8211; &nbsp; Xtreme Gym La Ca\u00f1ada (Almer\u00eda) &nbsp; &nbsp;2 puntos<\/li>\n<li>Juan Jos\u00e9 Gallego Fern\u00e1ndez &#8211; Larios Team (Granada) &nbsp; &nbsp; &nbsp;2 puntos<\/li>\n<li>Jos\u00e9 Galindo Barrea &#8211; Lobezno Team (C\u00e1diz) &nbsp; &nbsp;2 puntos<\/li>\n<li>Gabriel Garc\u00eda P\u00e9rez &#8211; &nbsp; Xtreme Gym La Ca\u00f1ada (Almer\u00eda) &nbsp; 2 puntos<\/li>\n<li>Pedro Barroso Guti\u00e9rrez &#8211; &nbsp;Club Samuel Espino Jim\u00e9nez &nbsp;(Sevilla)&nbsp;<\/li>\n<li>Juan Mateo Lis\u00f3n C\u00e1novas &#8211; &nbsp;Xtreme Gym La Ca\u00f1ada (Almer\u00eda) &nbsp; 2 puntos&nbsp;<\/li>\n<\/ul>\n<p>&nbsp;<\/p>\n<p>&nbsp;<\/p>\n<p>&nbsp;Bikini Fitness<\/p>\n<p>1\u00aa Nuria \u00dabeda Cazorla &#8211; Xtreme Gym La Ca\u00f1ada (Almer\u00eda) &nbsp; 2 puntos<\/p>\n<div style=\"margin: 20px 0;\"><div class=\"qrcswholewtapper\" style=\"text-align:left;\"><div class=\"qrcprowrapper\"  id=\"qrcwraa2leds\"><div class=\"qrc_canvass\" id=\"qrc_cuttenpages_2\" style=\"display:inline-block\" data-text=\"https:\/\/fisicos21.com\/?p=8137\"><\/div><div><a download=\"Circuito de Verano FAFF &#8211; Mr y Ms Mandala 2013 FAFF: Resultados.png\" class=\"qrcdownloads\" id=\"worign\">\r\n           <button type=\"button\" style=\"min-width:206px;background:#dddddd;color:#000;font-weight: 600;border: 1px solid #dddddd;border-radius:4px;font-size:12px;padding: 6px 0;\" class=\"uqr_code_btn\">Download QR<\/button>\r\n           <\/a><\/div><\/div><\/div><\/div>","protected":false},"excerpt":{"rendered":"<p>Circuito de Verano FAFF &#8211; Mr y Ms Mandala 2013 FAFF: Resultados La primera prueba del circuito de verano FAFF se ha disputado esta misma tarde de domingo en la localidad de Mojacar (Almer\u00eda) tenemos ya al primer ganador del verano; Miguel \u00c1ngel Angulo Conejo. Download QR<\/p>\n","protected":false},"author":3,"featured_media":0,"comment_status":"open","ping_status":"closed","sticky":false,"template":"","format":"standard","meta":{"_monsterinsights_skip_tracking":false,"_monsterinsights_sitenote_active":false,"_monsterinsights_sitenote_note":"","_monsterinsights_sitenote_category":0,"footnotes":""},"categories":[72],"tags":[],"class_list":["post-8137","post","type-post","status-publish","format-standard","hentry","category-faff-ifbb-andalucia"],"_links":{"self":[{"href":"https:\/\/fisicos21.com\/index.php?rest_route=\/wp\/v2\/posts\/8137","targetHints":{"allow":["GET"]}}],"collection":[{"href":"https:\/\/fisicos21.com\/index.php?rest_route=\/wp\/v2\/posts"}],"about":[{"href":"https:\/\/fisicos21.com\/index.php?rest_route=\/wp\/v2\/types\/post"}],"author":[{"embeddable":true,"href":"https:\/\/fisicos21.com\/index.php?rest_route=\/wp\/v2\/users\/3"}],"replies":[{"embeddable":true,"href":"https:\/\/fisicos21.com\/index.php?rest_route=%2Fwp%2Fv2%2Fcomments&post=8137"}],"version-history":[{"count":0,"href":"https:\/\/fisicos21.com\/index.php?rest_route=\/wp\/v2\/posts\/8137\/revisions"}],"wp:attachment":[{"href":"https:\/\/fisicos21.com\/index.php?rest_route=%2Fwp%2Fv2%2Fmedia&parent=8137"}],"wp:term":[{"taxonomy":"category","embeddable":true,"href":"https:\/\/fisicos21.com\/index.php?rest_route=%2Fwp%2Fv2%2Fcategories&post=8137"},{"taxonomy":"post_tag","embeddable":true,"href":"https:\/\/fisicos21.com\/index.php?rest_route=%2Fwp%2Fv2%2Ftags&post=8137"}],"curies":[{"name":"wp","href":"https:\/\/api.w.org\/{rel}","templated":true}]}}