{"id":6914,"date":"2012-09-06T17:52:46","date_gmt":"2012-09-06T17:52:46","guid":{"rendered":"http:\/\/fisicos21.com\/preselecciones-feff-ctos-mundo-femenino-y-cbb-2012-2\/"},"modified":"2012-09-06T17:52:46","modified_gmt":"2012-09-06T17:52:46","slug":"preselecciones-feff-ctos-mundo-femenino-y-cbb-2012-2","status":"publish","type":"post","link":"https:\/\/fisicos21.com\/?p=6914","title":{"rendered":"Preselecciones FEFF Ctos Mundo Femenino y CBB 2012"},"content":{"rendered":"<h4><strong><img decoding=\"async\" src=\"http:\/\/www.gmkfreelogos.com\/logos\/I\/img\/IFBB.gif\" width=\"70\" alt=\"s\" style=\"margin: 4px; float: left;\" \/>Preselecciones FEFF Ctos Mundo Femenino y Classics IFBB 2012 <span style=\"background-color: #ffff00;\"><span style=\"color: #ff0000;\">ACTUALIZADO<\/span><\/span><\/strong><\/h4>\n<p>Los campeonatos del Mundo Femenino y de Culturismo Cl\u00e1sico tienen en breve los dos mundiales y por ello se ofrece por parte del seleccionador nacional Rafael Ovejero informaci\u00f3n sobre ellos.<\/p>\n<p><!--more--><\/p>\n<p style=\"font-weight: bold;\"><em>INFORMACION IMPORTANTE PARA\u00a0ATLETAS FEMINAS INTERNACIONALES<\/em><\/p>\n<p style=\"font-weight: bold;\">\u00a0<\/p>\n<p style=\"font-weight: bold;\"><em> <\/em><\/p>\n<p style=\"font-weight: bold;\"><em>Preselecci\u00f3n para los Campeonatos Mundiales<\/em><\/p>\n<p style=\"font-weight: bold;\"><em>Femeninos<\/em><\/p>\n<p style=\"font-weight: bold;\">\u00a0<\/p>\n<p style=\"font-weight: bold;\"><em> <\/em><\/p>\n<p style=\"font-weight: bold;\"><em> <\/em><\/p>\n<p style=\"font-weight: bold;\"><em>Recordamos a todas aquellas atletas Feminas, interesadas en participar en la Preseleccion para los Campeonatos Mundiales, que el limite de inscripci\u00f3n acaba este Domingo 9 de Septiembre, una vez finalizado el plazo no se acepataran inscripciones.<\/em><\/p>\n<p style=\"font-weight: bold;\">\u00a0<\/p>\n<p style=\"font-weight: bold;\"><em> <\/em><\/p>\n<p style=\"font-weight: bold;\"><em>16 de Septiembre de 2012<\/em><\/p>\n<p style=\"font-weight: bold;\"><em>Ciudad: Madrid<\/em><\/p>\n<p style=\"font-weight: bold;\">Lugar: (Real Canoe Nataci\u00f3n Club, Calle Pez Volador n\u00ba 30, Madrid)<\/p>\n<p style=\"font-weight: bold;\">Hora 11 de la ma\u00f1ana<\/p>\n<p style=\"font-weight: bold;\">\u00a0<\/p>\n<p style=\"font-weight: bold;\">\u00a0<\/p>\n<p style=\"font-weight: bold;\">\u00a0<\/p>\n<p style=\"font-weight: bold;\"><em> <\/em><\/p>\n<p style=\"font-weight: bold;\"><em>Preselecci\u00f3n para el Campeonato Mundo Femenino\u00a0a celebrar en Bialistok\u00a0(Polonia) del 5 al 7 de Octubre\u00a0de 2012<\/em><\/p>\n<p style=\"font-weight: bold;\"><em> <\/em><\/p>\n<p style=\"font-weight: bold;\"><em> <\/em><\/p>\n<p style=\"font-weight: bold;\"><em>Fecha l\u00edmite de inscripci\u00f3n: <\/em><em>9 de Septiembre<\/em><em> <\/em><\/p>\n<p style=\"font-weight: bold;\"><em> <\/em><\/p>\n<p style=\"font-weight: bold;\">\u00a0<\/p>\n<p style=\"color: #212121; line-height: 17px; background-color: #ffffff;\"><span style=\"font-size: 12pt;\"><span style=\"font-family: arial, helvetica, sans-serif;\">D\u00edas atr\u00e1s anunci\u00e1bamos las diferentes fechas de las selecciones a celebrar en Madrid para atletas interesados en representar a Espa\u00f1a en los diferentes campeoantos mundiales que se celebran a partir de ahora. El Campeonato del mundo de Classic Bodybuilding que se celebra en Sof\u00eda (Bulgaria) figura ahora con fecha de celebraci\u00f3n del 23 al 26 de noviembre, a diferencia de las fechas que se estimaban para el mes de octubre. Por tanto la preselecci\u00f3n que se celebrar\u00e1 en Madrid se ha fijado para el domingo 21 de octubre. La fecha l\u00edmite para inscripciones se fijar\u00e1 en una semana antes como con el resto de preselecciones.<\/span><\/span><\/p>\n<p style=\"font-family: Tahoma, Arial, Tahoma, Verdana; color: #212121; line-height: 17px; font-size: 11px; background-color: #ffffff;\"><strong style=\"border: 0px;\"><span style=\"border: 0px; font-family: Calibri; color: #ff0000;\"> <\/span><\/strong><\/p>\n<p align=\"center\"><strong>CAMBIO DE FECHA PRESELECCION MUNDIAL\u00a0CLASSIC BODYBUILDING<\/strong><\/p>\n<p align=\"center\">\u00a0<\/p>\n<p align=\"center\"><strong> <\/strong><\/p>\n<p align=\"center\"><strong> <\/strong><\/p>\n<p align=\"center\"><strong><em>Cambio de Fecha para\u00a0<st1:personname productid=\"la Preselecci\u00f3n\" w:st=\"on\">la Preselecci\u00f3n<\/st1:personname> del Campeonato del Mundo de Culturismo para las categor\u00edas de Classic Bodybuilding,\u00a0que se\u00a0celebrara\u00a0los d\u00edas 23 al 26 de Noviembre de 2012\u00a0en\u00a0Sofia (Bulgaria)<\/em><\/strong><\/p>\n<p align=\"center\">\u00a0<\/p>\n<p align=\"center\"><em> <\/em><\/p>\n<p align=\"center\"><em><strong>PRESELECCION<\/strong><\/em><\/p>\n<p align=\"center\">\u00a0<\/p>\n<p align=\"center\">\u00d8\u00a0<strong><em>21 de Octubre de 2012<\/em><\/strong><\/p>\n<p align=\"center\"><strong><em>Ciudad: Madrid<\/em><\/strong><\/p>\n<p align=\"center\"><strong><em>Lugar: (Real Canoe Nataci\u00f3n Club, Calle Pez Volador n\u00ba 30, Madrid)<\/em><\/strong><\/p>\n<p align=\"center\"><strong><em>Hora 11 de la ma\u00f1ana<\/em><\/strong><\/p>\n<p>\u00a0<\/p>\n<p>\u00a0<\/p>\n<p>\u00a0<\/p>\n<p><em> <\/em><\/p>\n<p><strong> <\/strong><\/p>\n<p><strong> <\/strong><\/p>\n<p><strong> <\/strong><\/p>\n<p>\u00a0<\/p>\n<p>\u00a0<\/p>\n<p><strong>IMPORTANTE<\/strong><\/p>\n<p><strong> <\/strong><\/p>\n<p>Todos los atletas que quieran formar parte del Equipo Nacional est\u00e1n\u00a0<strong><em>obligados <\/em><\/strong>a pasar por sus respectivas Preselecciones, para formar parte de estas,\u00a0<strong>deber\u00e1n tramitar su inscripci\u00f3n a trav\u00e9s del Presidente de\u00a0<st1:personname productid=\"la Territorial\" w:st=\"on\">la Territorial<\/st1:personname> de procedencia del atleta, no se aceptara ninguna inscripci\u00f3n de cualquier otro modo,\u00a0para ello cada atleta deber\u00e1 detallar en la ficha, el Campeonato al que opta ser Seleccionado antes de la fecha limite,\u00a0con lo que no se aceptara ninguna inscripci\u00f3n el d\u00eda de la Preselecci\u00f3n<\/strong><\/p>\n<p><strong>Nota Recordatorio<\/strong><\/p>\n<p>Como ya se ha comunicado en diferentes medios informativos, en el pasado congreso Nacional del 22 de Enero de 2011, se aprobaron algunos cambios en la normativa, entre ellos, uno que implica directamente y es de especial relevancia para todos aquellos atletas que deseen representar a Espa\u00f1a en Campeonatos Internacionales durante\u00a0<st1:personname productid=\"la  Temporada\" w:st=\"on\">la\u00a0Temporada<\/st1:personname> <st1:metricconverter productid=\"2012, a\" w:st=\"on\">2012, a<\/st1:metricconverter> continuaci\u00f3n y a modo de recapitulaci\u00f3n volvemos a reincidir en\u00a0dicho punto:<\/p>\n<p>v\u00a0Para poder\u00a0participar en\u00a0<strong>cualquier evento Internacional,<\/strong> <strong><em>ser\u00e1 imprescindible<\/em><\/strong> tener como m\u00ednimo una antig\u00fcedad de dos licencias anuales consecutivas.<\/p>\n<p>Resumen: Para participar en cualquier evento Internacional en\u00a0<st1:personname productid=\"la Temporada\" w:st=\"on\">la Temporada<\/st1:personname> 2012, hay que tener en posesi\u00f3n la licencia FEFF del a\u00f1o 2011.<\/p>\n<p><strong> <\/strong><\/p>\n<p align=\"center\"><strong><em> <\/em><\/strong><\/p>\n<p align=\"center\"><strong><em> <\/em><\/strong><\/p>\n<p style=\"font-weight: bold;\">\u00a0<\/p>\n<p style=\"font-weight: bold;\"><em>Rafael Ovejero<\/em><\/p>\n<p style=\"font-weight: bold;\"><em>Seleccionador Nacional\/Comit\u00e9 Tecnico Deportivo FEFF<\/em><\/p>\n<p style=\"font-weight: bold;\"><em> <\/em><\/p>\n<p style=\"font-weight: bold;\">Inscripciones e informaci\u00f3n:<br \/>Telfs.: 637 20 47 13 \u2013 648 61 08 51<br \/>Correo:\u00a0<a type=\"text\/javascript\" language=\"JavaScript\" href=\"mailto: &lt;script language='JavaScript' type='text\/javascript'&gt; &lt;!-- var prefix = 'ma' + 'il' + 'to'; var path = 'hr' + 'ef' + '='; var addy40420 = 'rafa' + '@'; addy40420 = addy40420 + 'rafaovejero' + '.' + 'com'; document.write( '&lt;a ' + path + ''' + prefix + ':' + addy40420 + ''&gt;' ); document.write( addy40420 ); document.write( '&lt;\/a&gt;' ); \/\/--&gt;n &lt;\/script&gt; &lt;script language='JavaScript' type='text\/javascript'&gt; &lt;!-- document.write( '&lt;span style=\"><\/a><a href=\"mailto:rafa@rafaovejero.com\">rafa@rafaovejero.com<\/a><\/p>\n<p style=\"font-weight: bold;\">\u00a0<\/p>\n<p style=\"font-weight: bold;\">\u00a0<\/p>\n<div style=\"margin: 20px 0;\"><div class=\"qrcswholewtapper\" style=\"text-align:left;\"><div class=\"qrcprowrapper\"  id=\"qrcwraa2leds\"><div class=\"qrc_canvass\" id=\"qrc_cuttenpages_2\" style=\"display:inline-block\" data-text=\"https:\/\/fisicos21.com\/?p=6914\"><\/div><div><a download=\"Preselecciones FEFF Ctos Mundo Femenino y CBB 2012.png\" class=\"qrcdownloads\" id=\"worign\">\r\n           <button type=\"button\" style=\"min-width:206px;background:#dddddd;color:#000;font-weight: 600;border: 1px solid #dddddd;border-radius:4px;font-size:12px;padding: 6px 0;\" class=\"uqr_code_btn\">Download QR<\/button>\r\n           <\/a><\/div><\/div><\/div><\/div>","protected":false},"excerpt":{"rendered":"<p>Preselecciones FEFF Ctos Mundo Femenino y Classics IFBB 2012 ACTUALIZADO Los campeonatos del Mundo Femenino y de Culturismo Cl\u00e1sico tienen en breve los dos mundiales y por ello se ofrece por parte del seleccionador nacional Rafael Ovejero informaci\u00f3n sobre ellos. Download QR<\/p>\n","protected":false},"author":3,"featured_media":0,"comment_status":"open","ping_status":"closed","sticky":false,"template":"","format":"standard","meta":{"_monsterinsights_skip_tracking":false,"_monsterinsights_sitenote_active":false,"_monsterinsights_sitenote_note":"","_monsterinsights_sitenote_category":0,"footnotes":""},"categories":[65],"tags":[],"class_list":["post-6914","post","type-post","status-publish","format-standard","hentry","category-aef-nac"],"_links":{"self":[{"href":"https:\/\/fisicos21.com\/index.php?rest_route=\/wp\/v2\/posts\/6914","targetHints":{"allow":["GET"]}}],"collection":[{"href":"https:\/\/fisicos21.com\/index.php?rest_route=\/wp\/v2\/posts"}],"about":[{"href":"https:\/\/fisicos21.com\/index.php?rest_route=\/wp\/v2\/types\/post"}],"author":[{"embeddable":true,"href":"https:\/\/fisicos21.com\/index.php?rest_route=\/wp\/v2\/users\/3"}],"replies":[{"embeddable":true,"href":"https:\/\/fisicos21.com\/index.php?rest_route=%2Fwp%2Fv2%2Fcomments&post=6914"}],"version-history":[{"count":0,"href":"https:\/\/fisicos21.com\/index.php?rest_route=\/wp\/v2\/posts\/6914\/revisions"}],"wp:attachment":[{"href":"https:\/\/fisicos21.com\/index.php?rest_route=%2Fwp%2Fv2%2Fmedia&parent=6914"}],"wp:term":[{"taxonomy":"category","embeddable":true,"href":"https:\/\/fisicos21.com\/index.php?rest_route=%2Fwp%2Fv2%2Fcategories&post=6914"},{"taxonomy":"post_tag","embeddable":true,"href":"https:\/\/fisicos21.com\/index.php?rest_route=%2Fwp%2Fv2%2Ftags&post=6914"}],"curies":[{"name":"wp","href":"https:\/\/api.w.org\/{rel}","templated":true}]}}