{"id":6869,"date":"2009-10-31T00:00:00","date_gmt":"2009-10-31T00:00:00","guid":{"rendered":"http:\/\/fisicos21.com\/copa-extremadura-open-informacion-ii-2\/"},"modified":"2009-10-31T00:00:00","modified_gmt":"2009-10-31T00:00:00","slug":"copa-extremadura-open-informacion-ii-2","status":"publish","type":"post","link":"https:\/\/fisicos21.com\/?p=6869","title":{"rendered":"Copa Extremadura + Open Informaci\u00f3n (II)"},"content":{"rendered":"<h4><img decoding=\"async\" style=\"margin: 4px; float: left;\" src=\"..\/images\/Imagenes%20de%20noticias.\/Logos\/AEFlogo.png\" width=\"70\" \/>Copa Extremadura + Open Informaci\u00f3n (II)<\/h4>\n<p>\u00a0<\/p>\n<p>Organizado por Blas Garc\u00eda Duarte, veterano culturista de la tierra, la Copa de Extremadura AEF 2009 y el Open Nacional Ciuda de Jerez de los Caballeros en su segunda edici\u00f3n, van\u00a0 a ser uno de los mas importantes eventos AEF de todo el a\u00f1o 2009. De su importancia da el hecho de que tanto Manuel Lucena, como muchos directivos van\u00a0 a asistir a este se\u00f1alado campeonato extreme\u00f1o<\/p>\n<p><!--more--><\/p>\n<p>\u00a0<\/p>\n<p>A.E.F\u00a0\u00a0<br \/> BLAS GARC\u00cdA DUARTE<br \/> DELEGADO REGIONAL A .E .F. EXTREMADURA<\/p>\n<p>Estimado amig@., <br \/> Como delegado en la Comunidad Extreme\u00f1a de la A.E.F ( ASOCIACION ESPA\u00d1OLA DE FISICOCULTURISMO) Y coorganizador de la Copa de Extremadura\u00a0 II OPEN CIUDAD JEREZ DE LOS CABALLEROS.<\/p>\n<p>Dicho campeonato constar\u00e1 de la COPA REGIONAL EXTREME\u00d1A , se celebrar\u00e1 el d\u00eda 14 de Noviembre a las 17.00 horas en el Teatro Cine Balboa ( calle Corredera Hernando de Soto n\u00ba 16 ) y ser\u00e1 formado por las siguientes categor\u00edas:<\/p>\n<ul>\n<li>JUNIOR<\/li>\n<li>MASTER<\/li>\n<li>TALLA PESO BAJA<\/li>\n<li>TALLA PESO ALTA FEMINAS<\/li>\n<li>SENIOR ( BAJA , MEDIA, ALTA )<\/li>\n<li>DISCAPACITADOS <\/li>\n<\/ul>\n<p>Para formar una categor\u00eda har\u00e1 falta un m\u00ednimo de 3 competidores.<\/p>\n<p>Tambi\u00e9n se realizara el ll OPEN NACIONAL CIUDAD JEREZ DE LOS CABALLEROS , constar\u00e1\u00a0 de dos categor\u00edas FITNESS FEMENINO Y CULTURISMO MASCULINO.<\/p>\n<p>Se informa que para ir a la Copa de Espa\u00f1a , la cual se celebrar\u00e1 en ANTEQUERA ( MALAGA )\u00a0 ser\u00e1 obligado , pasar antes por el Regional , salvo que ya sea campe\u00f3n Nacional.<\/p>\n<p>En este evento se repartir\u00e1n\u00a0 3000 \u20ac en premios a repartir entre los primeros clasificados y estar\u00e1 abierto para cualquier competidor con Licencia A.E.F o WABBA con el a\u00f1o en curso.<\/p>\n<p>No se tramitar\u00e1n licencias el mismo d\u00eda del Campeonato.<\/p>\n<p>Horario , tallaje y acreditaciones , mismo d\u00eda del campeonato en el Teatro Cine Balboa , de 12.30h\u00a0 a\u00a0 14.00h<\/p>\n<p>Relaci\u00f3n de premios por categor\u00edas es la siguiente:<\/p>\n<p>COPA EXTREME\u00d1A<\/p>\n<p>150 \u20ac\u00a0\u00a0\u00a0\u00a0\u00a0\u00a0\u00a0\u00a0<br \/> 100 \u20ac\u00a0\u00a0\u00a0\u00a0\u00a0\u00a0\u00a0\u00a0\u00a0\u00a0\u00a0\u00a0\u00a0\u00a0\u00a0\u00a0\u00a0\u00a0\u00a0\u00a0\u00a0\u00a0\u00a0\u00a0\u00a0\u00a0\u00a0\u00a0\u00a0\u00a0\u00a0\u00a0\u00a0\u00a0 \u201c<br \/> 50 \u20ac\u00a0\u00a0\u00a0\u00a0\u00a0\u00a0\u00a0\u00a0\u00a0\u00a0\u00a0\u00a0\u00a0\u00a0\u00a0\u00a0\u00a0\u00a0\u00a0\u00a0\u00a0\u00a0\u00a0\u00a0\u00a0\u00a0\u00a0\u00a0\u00a0\u00a0\u00a0\u00a0\u00a0\u00a0\u00a0\u00a0\u00a0\u00a0\u00a0\u00a0\u00a0\u00a0\u00a0\u00a0\u00a0\u00a0\u00a0\u00a0\u00a0\u00a0\u00a0\u00a0\u00a0\u00a0\u00a0\u00a0\u00a0\u00a0\u00a0\u00a0\u00a0\u00a0\u00a0\u00a0\u00a0\u00a0\u00a0\u00a0\u00a0\u00a0 <br \/> 50 \u20ac\u00a0\u00a0\u00a0\u00a0\u00a0\u00a0\u00a0\u00a0\u00a0\u00a0\u00a0\u00a0\u00a0\u00a0\u00a0\u00a0\u00a0\u00a0\u00a0\u00a0\u00a0\u00a0\u00a0\u00a0\u00a0\u00a0\u00a0\u00a0\u00a0\u00a0\u00a0\u00a0<br \/> 50 \u20ac<\/p>\n<p>OPEN MASCULINO\u00a0\u00a0\u00a0\u00a0\u00a0\u00a0\u00a0\u00a0\u00a0\u00a0\u00a0\u00a0\u00a0\u00a0\u00a0\u00a0\u00a0\u00a0\u00a0\u00a0\u00a0\u00a0\u00a0\u00a0\u00a0\u00a0\u00a0\u00a0\u00a0\u00a0\u00a0\u00a0\u00a0\u00a0\u00a0\u00a0\u00a0\u00a0\u00a0\u00a0\u00a0\u00a0\u00a0\u00a0\u00a0\u00a0\u00a0\u00a0\u00a0\u00a0\u00a0\u00a0\u00a0\u00a0\u00a0\u00a0\u00a0\u00a0\u00a0\u00a0\u00a0\u00a0\u00a0\u00a0\u00a0\u00a0\u00a0\u00a0\u00a0\u00a0\u00a0\u00a0\u00a0\u00a0\u00a0\u00a0\u00a0\u00a0\u00a0 NACIONAL<\/p>\n<p>1.\u00a0 700 \u20ac + Replica espada \u201cRey Escorpi\u00f3n\u00a0\u00a0\u00a0\u00a0 ( valorada en 200 \u20ac )\u00a0<br \/> 2.\u00a0 400 \u20ac<br \/> 3.\u00a0 250 \u20ac\u00a0\u00a0\u00a0\u00a0<br \/> 4.\u00a0 180 \u20ac\u00a0\u00a0\u00a0\u00a0\u00a0<br \/> 5.\u00a0 100 \u20ac\u00a0\u00a0\u00a0\u00a0\u00a0\u00a0\u00a0<br \/> 6.\u00a0\u00a0 50 \u20ac<\/p>\n<p>OPEN FEMENINO<\/p>\n<p> 1. 450 \u20ac<br \/> 2. 260 \u20ac<br \/> 3. 180 \u20ac<br \/> 4. 100 \u20ac\u00a0\u00a0<br \/> 5.\u00a0\u00a0 50 \u20ac<br \/> 6.\u00a0\u00a0 50 \u20ac\u00a0\u00a0 <\/p>\n<p> Recibir\u00e1n trofeos los 3 primeros clasificados de cada categor\u00eda y medallas el resto de participantes , as\u00ed como trofeos de Dise\u00f1o Joyer\u00eda \u201c Diamante Cristian Lay \u201c a la mejor rutina de Poses Masculina y Femenina.<\/p>\n<p>Presidir\u00e1\u00a0 nuestro Campeonato D.Manuel Lucena\u00a0 Presidente Nacional A.E.F, as\u00ed como gran parte de la\u00a0 directiva nacional.<\/p>\n<p>Para reserva de Hoteles os indicamos algunos de los que se hayan en nuestra ciudad:<\/p>\n<ul>\n<li>Hotel La Posada de las Cigue\u00f1as- 924 731 446<\/li>\n<li>Hotel Oasis -924 731 836 <\/li>\n<li>Hotel Los Templarios \u2013\u00a0 924 731 636<\/li>\n<li>Hostal El Gordito \u2013 924 731 452<\/li>\n<li>Hostal Mijina \u2013 924 731 452\u00a0\u00a0\u00a0\u00a0\u00a0\n<\/li>\n<\/ul>\n<p>M\u00e1s Informaci\u00f3n :\u00a0 <br \/> BLAS GARCIA\u00a0\u00a0 649 028 135<\/p>\n<p>MANUEL GALVAN\u00a0\u00a0 676 069 395<\/p>\n<div style=\"margin: 20px 0;\"><div class=\"qrcswholewtapper\" style=\"text-align:left;\"><div class=\"qrcprowrapper\"  id=\"qrcwraa2leds\"><div class=\"qrc_canvass\" id=\"qrc_cuttenpages_2\" style=\"display:inline-block\" data-text=\"https:\/\/fisicos21.com\/?p=6869\"><\/div><div><a download=\"Copa Extremadura + Open Informaci\u00f3n (II).png\" class=\"qrcdownloads\" id=\"worign\">\r\n           <button type=\"button\" style=\"min-width:206px;background:#dddddd;color:#000;font-weight: 600;border: 1px solid #dddddd;border-radius:4px;font-size:12px;padding: 6px 0;\" class=\"uqr_code_btn\">Download QR<\/button>\r\n           <\/a><\/div><\/div><\/div><\/div>","protected":false},"excerpt":{"rendered":"<p>Copa Extremadura + Open Informaci\u00f3n (II) \u00a0 Organizado por Blas Garc\u00eda Duarte, veterano culturista de la tierra, la Copa de Extremadura AEF 2009 y el Open Nacional Ciuda de Jerez de los Caballeros en su segunda edici\u00f3n, van\u00a0 a ser uno de los mas importantes eventos AEF de todo el a\u00f1o 2009. De su importancia [&hellip;]<\/p>\n","protected":false},"author":3,"featured_media":0,"comment_status":"open","ping_status":"closed","sticky":false,"template":"","format":"standard","meta":{"_monsterinsights_skip_tracking":false,"_monsterinsights_sitenote_active":false,"_monsterinsights_sitenote_note":"","_monsterinsights_sitenote_category":0,"footnotes":""},"categories":[65],"tags":[],"class_list":["post-6869","post","type-post","status-publish","format-standard","hentry","category-aef-nac"],"_links":{"self":[{"href":"https:\/\/fisicos21.com\/index.php?rest_route=\/wp\/v2\/posts\/6869","targetHints":{"allow":["GET"]}}],"collection":[{"href":"https:\/\/fisicos21.com\/index.php?rest_route=\/wp\/v2\/posts"}],"about":[{"href":"https:\/\/fisicos21.com\/index.php?rest_route=\/wp\/v2\/types\/post"}],"author":[{"embeddable":true,"href":"https:\/\/fisicos21.com\/index.php?rest_route=\/wp\/v2\/users\/3"}],"replies":[{"embeddable":true,"href":"https:\/\/fisicos21.com\/index.php?rest_route=%2Fwp%2Fv2%2Fcomments&post=6869"}],"version-history":[{"count":0,"href":"https:\/\/fisicos21.com\/index.php?rest_route=\/wp\/v2\/posts\/6869\/revisions"}],"wp:attachment":[{"href":"https:\/\/fisicos21.com\/index.php?rest_route=%2Fwp%2Fv2%2Fmedia&parent=6869"}],"wp:term":[{"taxonomy":"category","embeddable":true,"href":"https:\/\/fisicos21.com\/index.php?rest_route=%2Fwp%2Fv2%2Fcategories&post=6869"},{"taxonomy":"post_tag","embeddable":true,"href":"https:\/\/fisicos21.com\/index.php?rest_route=%2Fwp%2Fv2%2Ftags&post=6869"}],"curies":[{"name":"wp","href":"https:\/\/api.w.org\/{rel}","templated":true}]}}