{"id":6701,"date":"2013-03-18T23:00:00","date_gmt":"2013-03-18T23:00:00","guid":{"rendered":"http:\/\/fisicos21.com\/temporada-competicion-en-la-territorial-de-euskadi-2\/"},"modified":"2013-03-18T23:00:00","modified_gmt":"2013-03-18T23:00:00","slug":"temporada-competicion-en-la-territorial-de-euskadi-2","status":"publish","type":"post","link":"https:\/\/fisicos21.com\/?p=6701","title":{"rendered":"Temporada Competici\u00f3n en la Territorial de Euskadi"},"content":{"rendered":"<h4><strong><img decoding=\"async\" style=\"margin: 4px; color: #212121; font-family: Tahoma, Arial, Tahoma, Verdana; font-size: 11px; line-height: 17px; float: left;\" alt=\"euskadi_escudo\" height=\" \" width=\"70\" src=\"http:\/\/www.ifbbspain.com\/images\/stories\/caras\/euskadi_escudo.png\" \/><span style=\"color: #212121; font-family: Tahoma, Arial, Tahoma, Verdana; font-size: 11px; line-height: 17px; background-color: #ffffff;\"> <\/span>Temporada Competici\u00f3n en la territorial de Euskadi<\/strong><\/h4>\n<p>Antonio Le\u00f3n como presidente informa a los interesados de c\u00f3mo afiliarse, cursos a realizar y los pr\u00f3ximos campeonatos en el Pais Vasco de la Federaci\u00f3n Espa\u00f1ola de Fisicoculturismo y Fitness.<\/p>\n<p>\u00a0<\/p>\n<p><!--more--><\/p>\n<p>\u00a0<\/p>\n<p style=\"font-family: Tahoma, Arial, Tahoma, Verdana; color: #212121; line-height: 17px; font-size: 11px; background-color: #ffffff;\">La territorial de Euskadi de la Federaci\u00f3n Espa\u00f1ola de Fisicoculturismo y Fitness comunica en el siguiente art\u00edculo los pasos a seguir para el proceso de afiliaci\u00f3n para esta temporada 2013. \u00a0As\u00ed como un peque\u00f1o avance de las primeras competiciones as\u00ed como la convocatoria del curso de Juez regional.<\/p>\n<div style=\"border: 0px; font-family: Tahoma, Arial, Tahoma, Verdana; color: #212121; line-height: 17px; font-size: 11px; background-color: #ffffff;\"><\/div>\n<div style=\"border: 0px; font-family: Tahoma, Arial, Tahoma, Verdana; color: #212121; line-height: 17px; font-size: 11px; background-color: #ffffff;\"><\/div>\n<div style=\"border: 0px; font-family: Tahoma, Arial, Tahoma, Verdana; color: #212121; line-height: 17px; font-size: 11px; background-color: #ffffff;\">Estimados competidores, jueces, preparadores y aficionados al culturismo de la territorial de IFBB EUSKADI, debido a la proximidad de la temporada de primavera de 2013 se redacta la siguiente nota informativa mediante la cual se va a intentar explicar el procedimiento para las afiliaciones, inscripciones y el curso de juez regional 2013 .<\/div>\n<div style=\"border: 0px; font-family: Tahoma, Arial, Tahoma, Verdana; color: #212121; line-height: 17px; font-size: 11px; background-color: #ffffff;\"><\/div>\n<h2 style=\"font-family: Tahoma, Arial, Tahoma, Verdana; line-height: 17px; background-color: #ffffff;\">Afiliaciones<\/h2>\n<div style=\"border: 0px; font-family: Tahoma, Arial, Tahoma, Verdana; color: #212121; line-height: 17px; font-size: 11px; background-color: #ffffff;\"><\/div>\n<div style=\"border: 0px; font-family: Tahoma, Arial, Tahoma, Verdana; color: #212121; line-height: 17px; font-size: 11px; background-color: #ffffff;\">Para realizar las AFILIACIONES se har\u00e1n de forma personal y presencial en los siguientes lugares:<\/div>\n<div style=\"border: 0px; font-family: Tahoma, Arial, Tahoma, Verdana; color: #212121; line-height: 17px; font-size: 11px; background-color: #ffffff;\"><\/div>\n<div style=\"border: 0px; font-family: Tahoma, Arial, Tahoma, Verdana; color: #212121; line-height: 17px; font-size: 11px; background-color: #ffffff;\">&#8211;<span style=\"border: 0px;\"> <\/span>En gimnasio Golden Sport situado en la calle Particular de Costa 11 (Bilbao)<\/div>\n<div style=\"border: 0px; font-family: Tahoma, Arial, Tahoma, Verdana; color: #212121; line-height: 17px; font-size: 11px; background-color: #ffffff;\">&#8211;<span style=\"border: 0px;\"> <\/span>En cualquiera de las dos tiendas de Muscle Power situadas tanto en Bilbao como en San Sebastian.<\/div>\n<div style=\"border: 0px; font-family: Tahoma, Arial, Tahoma, Verdana; color: #212121; line-height: 17px; font-size: 11px; background-color: #ffffff;\">&#8211;<span style=\"border: 0px;\"> <\/span>Se podr\u00e1 realizar por e-mail a\u00a0<a style=\"border: 0px; color: #212121;\" href=\"mailto:ifbbeuskadi@gmail.com\">ifbbeuskadi@gmail.com<\/a> a trav\u00e9s del Secretario Igor Badiola Regel.<\/div>\n<div style=\"border: 0px; font-family: Tahoma, Arial, Tahoma, Verdana; color: #212121; line-height: 17px; font-size: 11px; background-color: #ffffff;\"><\/div>\n<div style=\"border: 0px; font-family: Tahoma, Arial, Tahoma, Verdana; color: #212121; line-height: 17px; font-size: 11px; background-color: #ffffff;\">De cualquiera de las maneras de las que se realice la afiliaci\u00f3n se deber\u00e1 de rellenar una ficha personal y traer consigo una fotocopia del DNI, una vez rellenada la ficha se les facilitar\u00e1 un numero de cuenta en el cual deber\u00e1n de realizar el ingreso poniendo bien claro el NOMBRE APELLIDOS Y EL CONCEPTO, por ejemplo( Jose Martin Martin Competidor). Este mismo procedimiento ser\u00e1 seguido por jueces, clubs, y cualquier aficionado que quiera integrarse dentro de la territorial IFBB EUSKADI. Una vez que se haya realizado el ingreso al resguardo se le deber\u00e1 de realizar una fotocopia para dejarla en el lugar donde se haya realizado la afiliaci\u00f3n.<\/div>\n<div style=\"border: 0px; font-family: Tahoma, Arial, Tahoma, Verdana; color: #212121; line-height: 17px; font-size: 11px; background-color: #ffffff;\"><\/div>\n<div style=\"border: 0px; font-family: Tahoma, Arial, Tahoma, Verdana; color: #212121; line-height: 17px; font-size: 11px; background-color: #ffffff;\">Los precios de las diferentes afiliaciones son:<\/div>\n<div style=\"border: 0px; font-family: Tahoma, Arial, Tahoma, Verdana; color: #212121; line-height: 17px; font-size: 11px; background-color: #ffffff;\">\n<ul style=\"margin-left: 20px; border: 0px;\">\n<li style=\"margin-left: 40px; border: 0px;\">Licencia de competidor 80 euros<\/li>\n<li style=\"margin-left: 40px; border: 0px;\">Licencia de juez regional 75 euros<\/li>\n<li style=\"margin-left: 40px; border: 0px;\">Licencia de juez nacional 85 euros<\/li>\n<li style=\"margin-left: 40px; border: 0px;\">Licencia de juez internacional 200 euros<\/li>\n<li style=\"margin-left: 40px; border: 0px;\">Licencia de club 120 euros<\/li>\n<li style=\"margin-left: 40px; border: 0px;\">Licencia de competidor por libre 120 euros<\/li>\n<li style=\"margin-left: 40px; border: 0px;\">Licencia de aficionado 25 euros<\/li>\n<li style=\"margin-left: 40px; border: 0px;\">Licencia de entrenador 47 euros<\/li>\n<\/ul>\n<\/div>\n<div style=\"border: 0px; font-family: Tahoma, Arial, Tahoma, Verdana; color: #212121; line-height: 17px; font-size: 11px; background-color: #ffffff;\"><\/div>\n<h2 style=\"font-family: Tahoma, Arial, Tahoma, Verdana; line-height: 17px; background-color: #ffffff;\">Inscripciones<\/h2>\n<div style=\"border: 0px; font-family: Tahoma, Arial, Tahoma, Verdana; color: #212121; line-height: 17px; font-size: 11px; background-color: #ffffff;\"><\/div>\n<div style=\"border: 0px; font-family: Tahoma, Arial, Tahoma, Verdana; color: #212121; line-height: 17px; font-size: 11px; background-color: #ffffff;\">Una vez formalizada la afiliaci\u00f3n se deber\u00e1 de realizar las INSCRIPCIONES. Cada competidor deber\u00e1 de mandan un e-mail al Presidente del Comit\u00e9 de Competici\u00f3n D. Victor Moral Maldonado al correo\u00a0<a style=\"border: 0px; color: #212121;\" href=\"mailto:victormoralm@hotmail.com\">victormoralm@hotmail.com<\/a> detallando el nombre, apellidos, categor\u00eda y a los campeonatos o eventos en los que se desea participar ( Campeonato Vasco-Navarro, Campeonato del Norte de Espa\u00f1a, Open Muscle Power o Copa de Espa\u00f1a IFBB).<\/div>\n<div style=\"border: 0px; font-family: Tahoma, Arial, Tahoma, Verdana; color: #212121; line-height: 17px; font-size: 11px; background-color: #ffffff;\">Este a su vez informar\u00e1 al Presidente de la territorial D.Antonio Le\u00f3n de dichas inscripciones.<\/div>\n<div style=\"border: 0px; font-family: Tahoma, Arial, Tahoma, Verdana; color: #212121; line-height: 17px; font-size: 11px; background-color: #ffffff;\"><\/div>\n<div style=\"border: 0px; font-family: Tahoma, Arial, Tahoma, Verdana; color: #212121; line-height: 17px; font-size: 11px; background-color: #ffffff;\"><\/div>\n<div style=\"border: 0px; font-family: Tahoma, Arial, Tahoma, Verdana; color: #212121; line-height: 17px; font-size: 11px; background-color: #ffffff;\">Nota importante: NO se tendr\u00e1 en cuenta ninguna inscripci\u00f3n que vaya a trav\u00e9s de un club el cual no se haya afiliado en el presente curso 2013, esto es importante porque un competidor puede tener todo en regla y si su club no ha abonado su afiliaci\u00f3n no podr\u00e1 competir.<\/div>\n<div style=\"border: 0px; font-family: Tahoma, Arial, Tahoma, Verdana; color: #212121; line-height: 17px; font-size: 11px; background-color: #ffffff;\"><\/div>\n<h2 style=\"font-family: Tahoma, Arial, Tahoma, Verdana; line-height: 17px; background-color: #ffffff;\">Campeonato Vasco Navarro<\/h2>\n<div style=\"border: 0px; font-family: Tahoma, Arial, Tahoma, Verdana; color: #212121; line-height: 17px; font-size: 11px; background-color: #ffffff;\"><\/div>\n<div style=\"border: 0px; font-family: Tahoma, Arial, Tahoma, Verdana; color: #212121; line-height: 17px; font-size: 11px; background-color: #ffffff;\">Con respecto a nuestro campeonato Vasco-Navarro en las pr\u00f3ximas fechas se dar\u00e1 informaci\u00f3n del lugar, fecha y hora del pesaje. A la hora de realizar la inscripci\u00f3n se debe reflejar de forma expresa a la categor\u00eda en la que se pretende competir para as\u00ed poder agilizar todo lo posible el pesaje para que resulte lo mejor pesado y lo m\u00e1s \u00e1gil para los competidores.<\/div>\n<div style=\"border: 0px; font-family: Tahoma, Arial, Tahoma, Verdana; color: #212121; line-height: 17px; font-size: 11px; background-color: #ffffff;\"><\/div>\n<div style=\"border: 0px; font-family: Tahoma, Arial, Tahoma, Verdana; color: #212121; line-height: 17px; font-size: 11px; background-color: #ffffff;\">Las categor\u00edas del campeonato Vasco-Navarro son:<\/div>\n<div style=\"border: 0px; font-family: Tahoma, Arial, Tahoma, Verdana; color: #212121; line-height: 17px; font-size: 11px; background-color: #ffffff;\">\n<ul style=\"margin-left: 20px; border: 0px;\">\n<li style=\"margin-left: 40px; border: 0px;\">Principiantes<\/li>\n<li style=\"margin-left: 40px; border: 0px;\">Master<\/li>\n<li style=\"margin-left: 40px; border: 0px;\">Junior<\/li>\n<li style=\"margin-left: 40px; border: 0px;\">Sub 23<\/li>\n<li style=\"margin-left: 40px; border: 0px;\">Bikini fitness<\/li>\n<li style=\"margin-left: 40px; border: 0px;\">Bodyfitness femenino<\/li>\n<li style=\"margin-left: 40px; border: 0px;\">Men\u00b4s physique<\/li>\n<li style=\"margin-left: 40px; border: 0px;\">Classic Bodybuilding<\/li>\n<li style=\"margin-left: 40px; border: 0px;\">Culturismo Senior<\/li>\n<\/ul>\n<\/div>\n<div style=\"border: 0px; font-family: Tahoma, Arial, Tahoma, Verdana; color: #212121; line-height: 17px; font-size: 11px; background-color: #ffffff;\"><\/div>\n<div style=\"border: 0px; font-family: Tahoma, Arial, Tahoma, Verdana; color: #212121; line-height: 17px; font-size: 11px; background-color: #ffffff;\">Este a\u00f1o tenemos el orgullo de contra en la junta directiva con D. Javier Perez, el cual es el organizador del campeonato intergym de Sondika, campeonato apoyado por IFBB y del cual se tendr\u00e1n noticias pronto.<\/div>\n<div style=\"border: 0px; font-family: Tahoma, Arial, Tahoma, Verdana; color: #212121; line-height: 17px; font-size: 11px; background-color: #ffffff;\"><\/div>\n<h2 style=\"font-family: Tahoma, Arial, Tahoma, Verdana; line-height: 17px; background-color: #ffffff;\">Curso de juez regional<\/h2>\n<div style=\"border: 0px; font-family: Tahoma, Arial, Tahoma, Verdana; color: #212121; line-height: 17px; font-size: 11px; background-color: #ffffff;\"><\/div>\n<div style=\"border: 0px; font-family: Tahoma, Arial, Tahoma, Verdana; color: #212121; line-height: 17px; font-size: 11px; background-color: #ffffff;\">Tambi\u00e9n se aprovecha esta circular informativa para anunciar el pr\u00f3ximo 6 de ABRIL el \u201c CURSO DE JUEZ REGIONAL Y RECICLAJE \u201c que se celebrar\u00e1 en el Hotel Ibis situado en la calle General Concha 28 ( Bilbao) en el horario de 5 a 8 de la tarde. A este curso deben asistir tanto aquellos interesados en obtener el titulo de Juez Regional como aquellos jueces que est\u00e9n ya integrados en la territorial para que sirva a modo de reciclaje.<\/div>\n<div style=\"border: 0px; font-family: Tahoma, Arial, Tahoma, Verdana; color: #212121; line-height: 17px; font-size: 11px; background-color: #ffffff;\"><\/div>\n<div style=\"border: 0px; font-family: Tahoma, Arial, Tahoma, Verdana; color: #212121; line-height: 17px; font-size: 11px; background-color: #ffffff;\">DATOS:<\/div>\n<div style=\"border: 0px; font-family: Tahoma, Arial, Tahoma, Verdana; color: #212121; line-height: 17px; font-size: 11px; background-color: #ffffff;\"><\/div>\n<div style=\"padding-left: 30px; border: 0px; font-family: Tahoma, Arial, Tahoma, Verdana; color: #212121; line-height: 17px; font-size: 11px; background-color: #ffffff;\">CURSO DE JUEZ REGIONAL DE FISICOCULTURISMO Y FITNESS<\/div>\n<div style=\"padding-left: 30px; border: 0px; font-family: Tahoma, Arial, Tahoma, Verdana; color: #212121; line-height: 17px; font-size: 11px; background-color: #ffffff;\">LUGAR: HOTEL IBIS<\/div>\n<div style=\"padding-left: 30px; border: 0px; font-family: Tahoma, Arial, Tahoma, Verdana; color: #212121; line-height: 17px; font-size: 11px; background-color: #ffffff;\">FECHA: 6 DE ABRIL DE 2013<\/div>\n<div style=\"padding-left: 30px; border: 0px; font-family: Tahoma, Arial, Tahoma, Verdana; color: #212121; line-height: 17px; font-size: 11px; background-color: #ffffff;\">HORARIO: 17 \u2013 20 \u00a0HORAS<\/div>\n<div style=\"padding-left: 30px; border: 0px; font-family: Tahoma, Arial, Tahoma, Verdana; color: #212121; line-height: 17px; font-size: 11px; background-color: #ffffff;\">PRECIO: 150 EUROS<\/div>\n<div style=\"border: 0px; font-family: Tahoma, Arial, Tahoma, Verdana; color: #212121; line-height: 17px; font-size: 11px; background-color: #ffffff;\"><\/div>\n<div style=\"border: 0px; font-family: Tahoma, Arial, Tahoma, Verdana; color: #212121; line-height: 17px; font-size: 11px; background-color: #ffffff;\">Para cualquier duda o informaci\u00f3n estamos a vuestra disposici\u00f3n.<\/div>\n<div style=\"border: 0px; font-family: Tahoma, Arial, Tahoma, Verdana; color: #212121; line-height: 17px; font-size: 11px; background-color: #ffffff;\"><\/div>\n<div style=\"border: 0px; font-family: Tahoma, Arial, Tahoma, Verdana; color: #212121; line-height: 17px; font-size: 11px; background-color: #ffffff;\">D. Antonio Le\u00f3n Ruiz<\/div>\n<div style=\"border: 0px; font-family: Tahoma, Arial, Tahoma, Verdana; color: #212121; line-height: 17px; font-size: 11px; background-color: #ffffff;\"><a style=\"border: 0px; color: #212121;\" href=\"mailto:lionru@hotmail.com\">lionru@hotmail.com<\/a><\/div>\n<div style=\"border: 0px; font-family: Tahoma, Arial, Tahoma, Verdana; color: #212121; line-height: 17px; font-size: 11px; background-color: #ffffff;\">Tlf: 629471027<\/div>\n<div><\/div>\n<div style=\"margin: 20px 0;\"><div class=\"qrcswholewtapper\" style=\"text-align:left;\"><div class=\"qrcprowrapper\"  id=\"qrcwraa2leds\"><div class=\"qrc_canvass\" id=\"qrc_cuttenpages_2\" style=\"display:inline-block\" data-text=\"https:\/\/fisicos21.com\/?p=6701\"><\/div><div><a download=\"Temporada Competici\u00f3n en la Territorial de Euskadi.png\" class=\"qrcdownloads\" id=\"worign\">\r\n           <button type=\"button\" style=\"min-width:206px;background:#dddddd;color:#000;font-weight: 600;border: 1px solid #dddddd;border-radius:4px;font-size:12px;padding: 6px 0;\" class=\"uqr_code_btn\">Download QR<\/button>\r\n           <\/a><\/div><\/div><\/div><\/div>","protected":false},"excerpt":{"rendered":"<p>Temporada Competici\u00f3n en la territorial de Euskadi Antonio Le\u00f3n como presidente informa a los interesados de c\u00f3mo afiliarse, cursos a realizar y los pr\u00f3ximos campeonatos en el Pais Vasco de la Federaci\u00f3n Espa\u00f1ola de Fisicoculturismo y Fitness. \u00a0 Download QR<\/p>\n","protected":false},"author":3,"featured_media":0,"comment_status":"open","ping_status":"closed","sticky":false,"template":"","format":"standard","meta":{"_monsterinsights_skip_tracking":false,"_monsterinsights_sitenote_active":false,"_monsterinsights_sitenote_note":"","_monsterinsights_sitenote_category":0,"footnotes":""},"categories":[64],"tags":[],"class_list":["post-6701","post","type-post","status-publish","format-standard","hentry","category-feff-ifbb-espana"],"_links":{"self":[{"href":"https:\/\/fisicos21.com\/index.php?rest_route=\/wp\/v2\/posts\/6701","targetHints":{"allow":["GET"]}}],"collection":[{"href":"https:\/\/fisicos21.com\/index.php?rest_route=\/wp\/v2\/posts"}],"about":[{"href":"https:\/\/fisicos21.com\/index.php?rest_route=\/wp\/v2\/types\/post"}],"author":[{"embeddable":true,"href":"https:\/\/fisicos21.com\/index.php?rest_route=\/wp\/v2\/users\/3"}],"replies":[{"embeddable":true,"href":"https:\/\/fisicos21.com\/index.php?rest_route=%2Fwp%2Fv2%2Fcomments&post=6701"}],"version-history":[{"count":0,"href":"https:\/\/fisicos21.com\/index.php?rest_route=\/wp\/v2\/posts\/6701\/revisions"}],"wp:attachment":[{"href":"https:\/\/fisicos21.com\/index.php?rest_route=%2Fwp%2Fv2%2Fmedia&parent=6701"}],"wp:term":[{"taxonomy":"category","embeddable":true,"href":"https:\/\/fisicos21.com\/index.php?rest_route=%2Fwp%2Fv2%2Fcategories&post=6701"},{"taxonomy":"post_tag","embeddable":true,"href":"https:\/\/fisicos21.com\/index.php?rest_route=%2Fwp%2Fv2%2Ftags&post=6701"}],"curies":[{"name":"wp","href":"https:\/\/api.w.org\/{rel}","templated":true}]}}