{"id":6664,"date":"2012-09-06T23:00:00","date_gmt":"2012-09-06T23:00:00","guid":{"rendered":"http:\/\/fisicos21.com\/cto-regional-de-murcia-open-nac-pedro-j-villa-feff-2012-2\/"},"modified":"2012-09-06T23:00:00","modified_gmt":"2012-09-06T23:00:00","slug":"cto-regional-de-murcia-open-nac-pedro-j-villa-feff-2012-2","status":"publish","type":"post","link":"https:\/\/fisicos21.com\/?p=6664","title":{"rendered":"Cto Regional de Murcia + Open Nac Pedro J Villa FEFF 2012"},"content":{"rendered":"<h4><strong><img decoding=\"async\" style=\"margin: 4px; float: left;\" alt=\"s\" width=\"70\" src=\"http:\/\/www.pedrojvilla.com\/portal\/images\/stories\/cartelmini.JPG\" \/>Cto Regional de Murcia + Open Nac Pedro J Villa FEFF 2012<\/strong><\/h4>\n<p>Uno de los Opens m\u00e1s importantes de Espa\u00f1a da el pistoletazo de salida para la temporada de oto\u00f1o de FEFF en 2012; junto a \u00e9l el regional de Murcia previo al certamen nacional.<\/p>\n<p><!--more--><\/p>\n<p style=\"font-family: Tahoma, Arial, Tahoma, Verdana; color: #212121; line-height: 17px; font-size: 11px; background-color: #ffffff;\"><span style=\"border: 0px;\">El pr\u00f3ximo d\u00eda 15 de septiembre tendr\u00e1 lugar en el Complejo Deportivo Antonio Pe\u00f1alver de Ceut\u00ed (Murcia) el XXVI Campeonato Regional de Fisicoculturismo y Fitness de Murcia as\u00ed como el IX Open Nacional Pedro J Villa, con m\u00e1s de 5000 euros en premios a repartir. Acompa\u00f1amos informaci\u00f3n b\u00e1sica as\u00ed como poster oficial del evento.<\/span><\/p>\n<p style=\"font-family: Tahoma, Arial, Tahoma, Verdana; color: #212121; line-height: 17px; font-size: 11px; background-color: #ffffff;\">\u00a0<\/p>\n<p style=\"font-family: Tahoma, Arial, Tahoma, Verdana; color: #212121; line-height: 17px; font-size: 11px; background-color: #ffffff;\">Contaremos con la presencia de Armando M\u00e1rquez como presentador del campeonato.<\/p>\n<p style=\"font-family: Tahoma, Arial, Tahoma, Verdana; color: #212121; line-height: 17px; font-size: 11px; background-color: #ffffff;\"><strong>Evento I:<\/strong> XXVI Campeonato Regional de Murcia<br \/><strong>Evento II:<\/strong> IX Open Nacional Pedro J Villa<br \/><strong>Fecha:<\/strong> 15 de septiembre de 2012<br \/><strong>Hora pesaje:<\/strong> 11:00 AM horas (en Hotel TCH)<\/p>\n<p style=\"font-family: Tahoma, Arial, Tahoma, Verdana; color: #212121; line-height: 17px; font-size: 11px; background-color: #ffffff;\"><span dir=\"ltr\" style=\"border: 0px;\"><img decoding=\"async\" src=\"http:\/\/www.pedrojvilla.com\/portal\/images\/stories\/dibujo.bmp\" border=\"0\" style=\"margin: 5px;\" \/><br \/><\/span><\/p>\n<p style=\"font-family: Tahoma, Arial, Tahoma, Verdana; color: #212121; line-height: 17px; font-size: 11px; background-color: #ffffff;\">\u00a0<\/p>\n<p style=\"font-family: Tahoma, Arial, Tahoma, Verdana; color: #212121; line-height: 17px; font-size: 11px; background-color: #ffffff;\">Lugar y reservas:\u00a0<a href=\"http:\/\/www.tch-hotel.com\/thc_web.html\" target=\"_blank\" style=\"border: 0px; color: #212121;\">Hotel TCH<\/a><\/p>\n<p style=\"font-family: Tahoma, Arial, Tahoma, Verdana; color: #212121; line-height: 17px; font-size: 11px; background-color: #ffffff;\"><a href=\"http:\/\/maps.google.es\/maps?q=hotel+tch+lorqui&amp;hl=es&amp;ll=38.098362,-1.235447&amp;spn=0.015299,0.027595&amp;sll=38.110519,-1.234074&amp;sspn=0.061185,0.110378&amp;z=15\" target=\"_blank\" style=\"border: 0px; color: #212121;\">como llegar<\/a><\/p>\n<p style=\"font-family: Tahoma, Arial, Tahoma, Verdana; color: #212121; line-height: 17px; font-size: 11px; background-color: #ffffff;\">\u00a0<\/p>\n<p style=\"font-family: Tahoma, Arial, Tahoma, Verdana; color: #212121; line-height: 17px; font-size: 11px; background-color: #ffffff;\"><strong>Hora competici\u00f3n:<\/strong> 18:00 PM horas<br \/><strong>Lugar:<\/strong> Complejo Deportivo Antonio Pe\u00f1alver<br \/><strong>Localizaci\u00f3n:<\/strong> Ceuti (Murcia)\u00a0 C\/Saura Mira 3<br \/><strong>Entrada:<\/strong> a determinar<br \/><strong>Dotaci\u00f3n econ\u00f3mica:<\/strong> +5.000 euros en premios<br \/><strong>Siglas:<\/strong> IFBB<\/p>\n<p style=\"font-family: Tahoma, Arial, Tahoma, Verdana; color: #212121; line-height: 17px; font-size: 11px; background-color: #ffffff;\"><strong>Informaci\u00f3n para atletas:<\/strong><\/p>\n<p style=\"font-family: Tahoma, Arial, Tahoma, Verdana; color: #212121; line-height: 17px; font-size: 11px; background-color: #ffffff;\">Todos los atletas deben de inscribirse a trav\u00e9s de los delegados de sus respectivas delegaciones territoriales y el plazo m\u00e1ximo de inscripci\u00f3n es el d\u00eda 5 de Septiembre. Por favor, os ruego vuestra colaboraci\u00f3n para el buen desarrollo del evento.<\/p>\n<p style=\"font-family: Tahoma, Arial, Tahoma, Verdana; color: #212121; line-height: 17px; font-size: 11px; background-color: #ffffff;\">\u00a0<\/p>\n<p style=\"font-family: Tahoma, Arial, Tahoma, Verdana; color: #212121; line-height: 17px; font-size: 11px; background-color: #ffffff;\"><strong>CATEGOR\u00cdAS:<\/strong><\/p>\n<p style=\"font-family: Tahoma, Arial, Tahoma, Verdana; color: #212121; line-height: 17px; font-size: 11px; background-color: #ffffff;\"><strong>IX OPEN NACIONAL PEDRO J VILLA<\/strong><\/p>\n<p style=\"font-family: Tahoma, Arial, Tahoma, Verdana; color: #212121; line-height: 17px; font-size: 11px; background-color: #ffffff;\">&#8211; FISICOCULTURISMO ABSOLUTO<\/p>\n<p style=\"font-family: Tahoma, Arial, Tahoma, Verdana; color: #212121; line-height: 17px; font-size: 11px; background-color: #ffffff;\">&#8211; CLASSIC BODYBULDING ABSOLUTO<\/p>\n<p style=\"font-family: Tahoma, Arial, Tahoma, Verdana; color: #212121; line-height: 17px; font-size: 11px; background-color: #ffffff;\">&#8211; BODY FITNESS ABSOLUTO<\/p>\n<p style=\"font-family: Tahoma, Arial, Tahoma, Verdana; color: #212121; line-height: 17px; font-size: 11px; background-color: #ffffff;\">&#8211; BIKINI ABSOLUTO<\/p>\n<p style=\"font-family: Tahoma, Arial, Tahoma, Verdana; color: #212121; line-height: 17px; font-size: 11px; background-color: #ffffff;\">\u00a0<\/p>\n<p style=\"font-family: Tahoma, Arial, Tahoma, Verdana; color: #212121; line-height: 17px; font-size: 11px; background-color: #ffffff;\"><strong>XXVI CAMPEONATO REGIONAL DE FISICOCULTURISMO Y FITNESS<\/strong><\/p>\n<p style=\"font-family: Tahoma, Arial, Tahoma, Verdana; color: #212121; line-height: 17px; font-size: 11px; background-color: #ffffff;\">&#8211; FISICOCULTURISMO<\/p>\n<p style=\"font-family: Tahoma, Arial, Tahoma, Verdana; color: #212121; line-height: 17px; font-size: 11px; background-color: #ffffff;\">&#8211; FISICOCULTURISMO NOVEL<\/p>\n<p style=\"font-family: Tahoma, Arial, Tahoma, Verdana; color: #212121; line-height: 17px; font-size: 11px; background-color: #ffffff;\">&#8211; CLASSIC BODYBULDING NOVEL<\/p>\n<p style=\"font-family: Tahoma, Arial, Tahoma, Verdana; color: #212121; line-height: 17px; font-size: 11px; background-color: #ffffff;\">&#8211; SUB 23<\/p>\n<p style=\"font-family: Tahoma, Arial, Tahoma, Verdana; color: #212121; line-height: 17px; font-size: 11px; background-color: #ffffff;\">&#8211; MEN PHYSIQUE<\/p>\n<p style=\"font-family: Tahoma, Arial, Tahoma, Verdana; color: #212121; line-height: 17px; font-size: 11px; background-color: #ffffff;\">\u00a0<\/p>\n<p style=\"font-family: Tahoma, Arial, Tahoma, Verdana; color: #212121; line-height: 17px; font-size: 11px; background-color: #ffffff;\">En el Campeonato Regional se podr\u00e1n producir modificaciones en las categor\u00edas seg\u00fan el m\u00famero de atletas, por lo cual rogamos la inscripci\u00f3n lo antes posible para la resoluci\u00f3n de las categor\u00edas.<\/p>\n<p style=\"font-family: Tahoma, Arial, Tahoma, Verdana; color: #212121; line-height: 17px; font-size: 11px; background-color: #ffffff;\">Fecha l\u00edmite de inscripci\u00f3n: 5 de Septiembre de 2012<\/p>\n<p style=\"font-family: Tahoma, Arial, Tahoma, Verdana; color: #212121; line-height: 17px; font-size: 11px; background-color: #ffffff;\">\u00a0<\/p>\n<p style=\"font-family: Tahoma, Arial, Tahoma, Verdana; color: #212121; line-height: 17px; font-size: 11px; background-color: #ffffff;\">Para ver el cartel, pulsa encima de la foto.<\/p>\n<p style=\"font-family: Tahoma, Arial, Tahoma, Verdana; color: #212121; line-height: 17px; font-size: 11px; background-color: #ffffff;\"><a href=\"http:\/\/www.pedrojvilla.com\/portal\/images\/stories\/CARTELCAMPEONATO___.pdf\" target=\"_blank\" style=\"border: 0px; color: #212121;\"><img decoding=\"async\" src=\"http:\/\/www.pedrojvilla.com\/portal\/images\/stories\/cartelmini.JPG\" border=\"0\" style=\"margin: 5px;\" \/><\/a><\/p>\n<p style=\"font-family: Tahoma, Arial, Tahoma, Verdana; color: #212121; line-height: 17px; font-size: 11px; background-color: #ffffff;\">PARA VER EL CARTEL, PULSA\u00a0<a href=\"http:\/\/www.pedrojvilla.com\/portal\/images\/stories\/CARTELCAMPEONATO___.pdf\" target=\"_blank\" style=\"border: 0px; color: #212121;\">aqui<\/a><\/p>\n<div style=\"margin: 20px 0;\"><div class=\"qrcswholewtapper\" style=\"text-align:left;\"><div class=\"qrcprowrapper\"  id=\"qrcwraa2leds\"><div class=\"qrc_canvass\" id=\"qrc_cuttenpages_2\" style=\"display:inline-block\" data-text=\"https:\/\/fisicos21.com\/?p=6664\"><\/div><div><a download=\"Cto Regional de Murcia + Open Nac Pedro J Villa FEFF 2012.png\" class=\"qrcdownloads\" id=\"worign\">\r\n           <button type=\"button\" style=\"min-width:206px;background:#dddddd;color:#000;font-weight: 600;border: 1px solid #dddddd;border-radius:4px;font-size:12px;padding: 6px 0;\" class=\"uqr_code_btn\">Download QR<\/button>\r\n           <\/a><\/div><\/div><\/div><\/div>","protected":false},"excerpt":{"rendered":"<p>Cto Regional de Murcia + Open Nac Pedro J Villa FEFF 2012 Uno de los Opens m\u00e1s importantes de Espa\u00f1a da el pistoletazo de salida para la temporada de oto\u00f1o de FEFF en 2012; junto a \u00e9l el regional de Murcia previo al certamen nacional. Download QR<\/p>\n","protected":false},"author":3,"featured_media":0,"comment_status":"open","ping_status":"closed","sticky":false,"template":"","format":"standard","meta":{"_monsterinsights_skip_tracking":false,"_monsterinsights_sitenote_active":false,"_monsterinsights_sitenote_note":"","_monsterinsights_sitenote_category":0,"footnotes":""},"categories":[64],"tags":[],"class_list":["post-6664","post","type-post","status-publish","format-standard","hentry","category-feff-ifbb-espana"],"_links":{"self":[{"href":"https:\/\/fisicos21.com\/index.php?rest_route=\/wp\/v2\/posts\/6664","targetHints":{"allow":["GET"]}}],"collection":[{"href":"https:\/\/fisicos21.com\/index.php?rest_route=\/wp\/v2\/posts"}],"about":[{"href":"https:\/\/fisicos21.com\/index.php?rest_route=\/wp\/v2\/types\/post"}],"author":[{"embeddable":true,"href":"https:\/\/fisicos21.com\/index.php?rest_route=\/wp\/v2\/users\/3"}],"replies":[{"embeddable":true,"href":"https:\/\/fisicos21.com\/index.php?rest_route=%2Fwp%2Fv2%2Fcomments&post=6664"}],"version-history":[{"count":0,"href":"https:\/\/fisicos21.com\/index.php?rest_route=\/wp\/v2\/posts\/6664\/revisions"}],"wp:attachment":[{"href":"https:\/\/fisicos21.com\/index.php?rest_route=%2Fwp%2Fv2%2Fmedia&parent=6664"}],"wp:term":[{"taxonomy":"category","embeddable":true,"href":"https:\/\/fisicos21.com\/index.php?rest_route=%2Fwp%2Fv2%2Fcategories&post=6664"},{"taxonomy":"post_tag","embeddable":true,"href":"https:\/\/fisicos21.com\/index.php?rest_route=%2Fwp%2Fv2%2Ftags&post=6664"}],"curies":[{"name":"wp","href":"https:\/\/api.w.org\/{rel}","templated":true}]}}