{"id":6662,"date":"2012-08-15T23:00:00","date_gmt":"2012-08-15T23:00:00","guid":{"rendered":"http:\/\/fisicos21.com\/cursos-monitor-y-nutricion-deportiva-tenerife-feff-sep2012-2\/"},"modified":"2012-08-15T23:00:00","modified_gmt":"2012-08-15T23:00:00","slug":"cursos-monitor-y-nutricion-deportiva-tenerife-feff-sep2012-2","status":"publish","type":"post","link":"https:\/\/fisicos21.com\/?p=6662","title":{"rendered":"Cursos Monitor y Nutrici\u00f3n Deportiva Tenerife FEFF sep2012"},"content":{"rendered":"<p><img decoding=\"async\" style=\"margin: 5px; color: #404040; font-family: Arial, Helvetica, FreeSans, 'Liberation Sans', 'Nimbus Sans L', sans-serif; font-size: 13px; line-height: 20px; background-color: #ffffff; float: left;\" src=\"http:\/\/www.ifbbcanarias.com\/images\/stories\/multimedia\/cartel-monitor-agosto_120.jpg\" height=\"120\" \/><span style=\"color: #404040; font-family: Arial, Helvetica, FreeSans, 'Liberation Sans', 'Nimbus Sans L', sans-serif; font-size: 13px; line-height: 20px; background-color: #ffffff;\"> <\/span><\/p>\n<h4><strong>Cursos Monitor y Nutrici\u00f3n Deportiva Tenerife FEFF sep2012<\/strong><\/h4>\n<p>Tenerife celebrar\u00e1 en el pr\u00f3ximo mes de septiembre dos cursos por la territorial de FEFF\/IFBB en Canarias. El curso de Monitor y el de Nutrici\u00f3n Deportiva<\/p>\n<p><!--more--><\/p>\n<p>\u00a0<\/p>\n<p>\u00a0<\/p>\n<p>\u00a0<\/p>\n<p><span style=\"color: #404040; font-family: Arial, Helvetica, FreeSans, 'Liberation Sans', 'Nimbus Sans L', sans-serif; font-size: 13px; line-height: 20px; background-color: #ffffff;\">El mes de septiembre comenzamos de nuevo nuestro calendario de cursos con una nueva convocatoria del curso de Monitor de la Federaci\u00f3n Espa\u00f1ola de Fisicoculturismo y Fitness (IFBB Espa\u00f1a). El curso b\u00e1sico de nuestro cat\u00e1logo de cursos se impartir\u00e1 a partir del d\u00eda 22 de septiembre en Santa Cruz de Tenerife. Durante dos fines de semana en horario intensivo (s\u00e1bados y domingos). El gimnasio colaborador \u00abEnforma\u00bb de Santa Cruz ser\u00e1 el lugar de celebraci\u00f3n tanto para las clases te\u00f3ricas como las pr\u00e1cticas. El plazo de matr\u00edcula est\u00e1 ya abierto y puede realizarse a trav\u00e9s de nuestra p\u00e1gina web <\/span><a style=\"border: 0px; outline: 0px; font-size: 13px; background-color: #ffffff; color: #999999; font-family: Arial, Helvetica, FreeSans, 'Liberation Sans', 'Nimbus Sans L', sans-serif; line-height: 20px;\" href=\"http:\/\/www.ifbbcanarias.com\/index.php?option=com_ckforms&amp;view=ckforms&amp;id=2&amp;Itemid=18\">www.ifbbcanarias.com<\/a><span style=\"color: #404040; font-family: Arial, Helvetica, FreeSans, 'Liberation Sans', 'Nimbus Sans L', sans-serif; font-size: 13px; line-height: 20px; background-color: #ffffff;\">. M\u00e1s informaci\u00f3n en nuestra secretar\u00eda 673097604, o en los correos <\/span><a style=\"border: 0px; outline: 0px; font-size: 13px; background-color: #ffffff; color: #999999; font-family: Arial, Helvetica, FreeSans, 'Liberation Sans', 'Nimbus Sans L', sans-serif; line-height: 20px;\" href=\"mailto:secretaria@ifbbcanarias.com\">secretaria@ifbbcanarias.com<\/a><span style=\"color: #404040; font-family: Arial, Helvetica, FreeSans, 'Liberation Sans', 'Nimbus Sans L', sans-serif; font-size: 13px; line-height: 20px; background-color: #ffffff;\"> y<\/span><a style=\"border: 0px; outline: 0px; font-size: 13px; background-color: #ffffff; color: #999999; font-family: Arial, Helvetica, FreeSans, 'Liberation Sans', 'Nimbus Sans L', sans-serif; line-height: 20px;\" href=\"mailto:ifbbcanarias@gmail.com\"> ifbbcanarias@gmail.com<\/a><span style=\"color: #404040; font-family: Arial, Helvetica, FreeSans, 'Liberation Sans', 'Nimbus Sans L', sans-serif; font-size: 13px; line-height: 20px; background-color: #ffffff;\"> <\/span><\/p>\n<p>\u00a0<\/p>\n<p style=\"text-align: center;\"><span style=\"color: #404040; font-family: Arial, Helvetica, FreeSans, 'Liberation Sans', 'Nimbus Sans L', sans-serif; font-size: 13px; line-height: 20px; background-color: #ffffff;\"><img decoding=\"async\" src=\"http:\/\/www.ifbbcanarias.com\/images\/stories\/multimedia\/cartel-monitor-agosto_600.jpg\" width=\"750\" alt=\"s\" style=\"margin: 4px; vertical-align: middle;\" \/><\/span><\/p>\n<p style=\"text-align: center;\"><span style=\"color: #404040; font-family: Arial, Helvetica, FreeSans, 'Liberation Sans', 'Nimbus Sans L', sans-serif; font-size: 13px; line-height: 20px; background-color: #ffffff;\"><img decoding=\"async\" src=\"http:\/\/www.ifbbcanarias.com\/images\/stories\/multimedia\/curso_nutricion_getfit.jpg\" width=\"750\" alt=\"s\" style=\"margin: 4px; vertical-align: middle;\" \/><\/span><\/p>\n<div style=\"margin: 20px 0;\"><div class=\"qrcswholewtapper\" style=\"text-align:left;\"><div class=\"qrcprowrapper\"  id=\"qrcwraa2leds\"><div class=\"qrc_canvass\" id=\"qrc_cuttenpages_2\" style=\"display:inline-block\" data-text=\"https:\/\/fisicos21.com\/?p=6662\"><\/div><div><a download=\"Cursos Monitor y Nutrici\u00f3n Deportiva Tenerife FEFF sep2012.png\" class=\"qrcdownloads\" id=\"worign\">\r\n           <button type=\"button\" style=\"min-width:206px;background:#dddddd;color:#000;font-weight: 600;border: 1px solid #dddddd;border-radius:4px;font-size:12px;padding: 6px 0;\" class=\"uqr_code_btn\">Download QR<\/button>\r\n           <\/a><\/div><\/div><\/div><\/div>","protected":false},"excerpt":{"rendered":"<p>Cursos Monitor y Nutrici\u00f3n Deportiva Tenerife FEFF sep2012 Tenerife celebrar\u00e1 en el pr\u00f3ximo mes de septiembre dos cursos por la territorial de FEFF\/IFBB en Canarias. El curso de Monitor y el de Nutrici\u00f3n Deportiva Download QR<\/p>\n","protected":false},"author":3,"featured_media":0,"comment_status":"open","ping_status":"closed","sticky":false,"template":"","format":"standard","meta":{"_monsterinsights_skip_tracking":false,"_monsterinsights_sitenote_active":false,"_monsterinsights_sitenote_note":"","_monsterinsights_sitenote_category":0,"footnotes":""},"categories":[64],"tags":[],"class_list":["post-6662","post","type-post","status-publish","format-standard","hentry","category-feff-ifbb-espana"],"_links":{"self":[{"href":"https:\/\/fisicos21.com\/index.php?rest_route=\/wp\/v2\/posts\/6662","targetHints":{"allow":["GET"]}}],"collection":[{"href":"https:\/\/fisicos21.com\/index.php?rest_route=\/wp\/v2\/posts"}],"about":[{"href":"https:\/\/fisicos21.com\/index.php?rest_route=\/wp\/v2\/types\/post"}],"author":[{"embeddable":true,"href":"https:\/\/fisicos21.com\/index.php?rest_route=\/wp\/v2\/users\/3"}],"replies":[{"embeddable":true,"href":"https:\/\/fisicos21.com\/index.php?rest_route=%2Fwp%2Fv2%2Fcomments&post=6662"}],"version-history":[{"count":0,"href":"https:\/\/fisicos21.com\/index.php?rest_route=\/wp\/v2\/posts\/6662\/revisions"}],"wp:attachment":[{"href":"https:\/\/fisicos21.com\/index.php?rest_route=%2Fwp%2Fv2%2Fmedia&parent=6662"}],"wp:term":[{"taxonomy":"category","embeddable":true,"href":"https:\/\/fisicos21.com\/index.php?rest_route=%2Fwp%2Fv2%2Fcategories&post=6662"},{"taxonomy":"post_tag","embeddable":true,"href":"https:\/\/fisicos21.com\/index.php?rest_route=%2Fwp%2Fv2%2Ftags&post=6662"}],"curies":[{"name":"wp","href":"https:\/\/api.w.org\/{rel}","templated":true}]}}