{"id":6377,"date":"2010-05-17T23:00:00","date_gmt":"2010-05-17T23:00:00","guid":{"rendered":"http:\/\/fisicos21.com\/cto-norte-espana-ifbbfeff-2010-resultados-2\/"},"modified":"2010-05-17T23:00:00","modified_gmt":"2010-05-17T23:00:00","slug":"cto-norte-espana-ifbbfeff-2010-resultados-2","status":"publish","type":"post","link":"https:\/\/fisicos21.com\/?p=6377","title":{"rendered":"Cto Norte Espa\u00f1a IFBB\/FEFF 2010; Resultados"},"content":{"rendered":"<h4><strong><img decoding=\"async\" src=\"..\/images\/Imagenes%20de%20noticias.\/Logos\/FEFF(1)logoweb.JPG\" width=\"70\" alt=\"FEFF(1)logoweb\" style=\"float: left; margin: 4px;\" \/>Cto Norte Espa\u00f1a IFBB\/FEFF 2010; Resultados<\/strong><\/h4>\n<p>Una de las citas con m\u00e1s solera ha tenido este a\u00f1o un \u00e9xito que tiene pocos precedentes, ninguno en los \u00faltimos a\u00f1os, casi 50 competidores se reunieron en Valladolid para celebrar este evento que vio como el gallego Sergio Fern\u00e1ndez se alzaba con el absoluto.<\/p>\n<p>\u00a0<\/p>\n<p><!--more--><\/p>\n<p>\u00a0<\/p>\n<p>\u00a0<\/p>\n<p>\u00a0<\/p>\n<p>\u00a0<\/p>\n<p align=\"center\"><span style=\"font-family: Garamond; font-size: small;\"><strong>INTERNATIONAL FEDERATION OF BODY BUILDERS<\/strong><\/span><\/p>\n<p align=\"center\"><span style=\"font-family: Garamond; font-size: small;\"><strong>PRESIDENCIA TERRITORIAL CASTILLA Y LE\u00d3N<\/strong><\/span><\/p>\n<p align=\"center\"><span style=\"font-family: Garamond; font-size: small;\"><strong>V\u00edctor M. Hern\u00e1ndez<\/strong><\/span><\/p>\n<p align=\"center\"><span style=\"font-family: Garamond; font-size: small;\">C\/ Albahaca n\u00ba 50\u00a0 \u2013 05004 &#8211; \u00c1vila<\/span><\/p>\n<p align=\"center\"><span style=\"font-family: Garamond; font-size: small;\">619 226 192\u00a0 \u2013 <\/span><a target=\"_blank\" href=\"mailto:ifbb_avila@hotmail.com\"><span style=\"font-family: Garamond; color: #000080; font-size: small;\">ifbb_avila@hotmail.com<\/span><\/a><\/p>\n<p align=\"justify\"><span style=\"font-family: Garamond; font-size: small;\"><span style=\"font-size: small;\">De \u00e9xito rotundo puede calificarse la edici\u00f3n del a\u00f1o 2010 de los Campeonatos del Norte de Espa\u00f1a y Regional de Castilla y Le\u00f3n, celebrados conjuntamente el pasado domingo, d\u00eda 16 de mayo en el Teatro Sala Borja de Valladolid en jornada matinal, al amparo de la Territorial de Castilla y Le\u00f3n de IFBB Espa\u00f1a en Castilla y Le\u00f3n, y organizados por la Vicepresidencia de dicha Territorial y el gimnasio Colliseum Gym Center de Valladolid, en las personas de Fernando Mart\u00ednez de Vega y Lorena I\u00f1arra Duque, que a su vez son dos de los mejores atletas que han dado las tierras Castellanoleonesas.<\/span><\/span><\/p>\n<p align=\"justify\"><span style=\"font-family: Garamond; font-size: small;\">Estos campeonatos albergaron la cifra de 48 atletas venidos de Asturias, Euskadi, Galicia y Castilla y Le\u00f3n, quienes ofrecieron un gran espect\u00e1culo a las m\u00e1s de 200 personas de p\u00fablico que all\u00ed se congregaron para contemplar uno de los mejores campeonatos que se han celebrado en Castilla y Le\u00f3n en varios a\u00f1os. <\/span><\/p>\n<p align=\"justify\"><span style=\"font-family: Garamond; font-size: small;\">Con una puntualidad digna de menci\u00f3n\u00a0fruto de la correcta organizaci\u00f3n, comenz\u00f3 dicho campeonato que tuvo como principal protagonista al atleta Gallego Santiago Fern\u00e1ndez, quien obtuvo los mayores galardones en su categor\u00eda, en el absoluto y adem\u00e1s gan\u00f3 el premio al mejor posador del evento.<\/span><\/p>\n<p align=\"justify\"><span style=\"font-family: Garamond; font-size: small;\">Como nota a destacar, hacer menci\u00f3n a las geniales exhibiciones ofrecidas por nuestra indiscutible profesional Paloma Parra y por el masivo competidor Gallego Luis Pernas, que present\u00f3 un gran estado de forma despu\u00e9s de su paso por el AC el pasado mes de marzo.<\/span><\/p>\n<p align=\"justify\"><span style=\"font-family: Garamond; font-size: small;\">Desde la Territorial Castellano Leonesa queremos agradecer su esfuerzo y participaci\u00f3n a todos los competidores, as\u00ed como a los patrocinadores y p<\/span><span style=\"font-size: small;\"><span style=\"font-size: 12pt;\">\u00fablico su apoyo. Esperemos que en pr\u00f3ximos a\u00f1os podamos seguir albergando campeonatos de tan alto nivel como ha sido este.<\/span><\/span><\/p>\n<p align=\"justify\"><span style=\"font-size: small;\"><strong><span style=\"font-size: 12pt;\">Resultados:<\/span><\/strong><\/span><\/p>\n<p align=\"justify\"><span style=\"font-size: small;\"><strong><span style=\"font-size: 12pt;\">Campeonato Regional Castilla y Le\u00f3n<\/span><\/strong><\/span><\/p>\n<p align=\"justify\"><span style=\"font-size: small;\"><strong><span style=\"font-size: 12pt;\">Noveles Castilla Le\u00f3n<\/span><\/strong><\/span><\/p>\n<p align=\"justify\"><span style=\"font-size: small;\"><span style=\"font-size: 12pt;\">1. F\u00e9lix Fern\u00e1ndez Serrano (Castilla Le\u00f3n)<\/span><\/span><\/p>\n<p align=\"justify\"><span style=\"font-size: small;\"><span style=\"font-size: 12pt;\">2. Juan Manuel Galisteo (Castilla Le\u00f3n)<br \/><\/span><span style=\"font-size: small; \"><span style=\"font-size: 12pt;\">3. Sergio Ortega (Castilla Le\u00f3n)<br \/><\/span><span style=\"font-size: 12px;\"><span style=\"font-size: small;\"><span style=\"font-size: 12pt;\">4. Jos\u00e9\u00a0Mar\u00eda Casado Maestre (Castilla Le\u00f3n)<\/span><\/span><span style=\"font-size: 12pt;\"> <\/span><\/span><\/span><\/span><\/p>\n<p align=\"justify\"><span style=\"font-size: 12pt;\"><br \/><\/span><\/p>\n<p align=\"justify\"><span style=\"font-size: small;\"><strong><span style=\"font-size: 12pt;\">Interregional Norte de Espa\u00f1a 2010<\/span><\/strong><\/span><\/p>\n<p align=\"justify\"><span style=\"font-size: small;\"><strong><span style=\"font-size: 12pt;\">Bodyfitness<\/span><\/strong><\/span><\/p>\n<p align=\"justify\"><span style=\"font-size: small;\"><span style=\"font-size: 12pt;\">1. Julia Rodr\u00edguez (Galicia)<\/span><\/span><\/p>\n<p align=\"justify\"><span style=\"font-size: small;\"><span style=\"font-size: 12pt;\">2. Laura Veiguela (Galicia)<\/span><\/span><\/p>\n<p align=\"justify\"><span style=\"font-size: small;\"><span style=\"font-size: 12pt;\">3. Ar\u00e1nzazu Bilbao (Euskadi)<\/span><\/span><\/p>\n<p align=\"justify\"><span style=\"font-size: small;\"><span style=\"font-size: 12pt;\">4. Virginia Maidana (Euskadi)<\/span><\/span><\/p>\n<p align=\"justify\"><span style=\"font-size: small;\"><span style=\"font-size: 12pt;\">5. Susana Taboadas Docampo (Galicia)<\/span><\/span><\/p>\n<p align=\"justify\"><span style=\"font-size: small;\"><strong><span style=\"font-size: 12pt;\">Noveles Norte de Espa\u00f1a<\/span><\/strong><\/span><\/p>\n<p align=\"justify\"><span style=\"font-size: small;\"><span style=\"font-size: 12pt;\">1. F\u00e9lix Fern\u00e1ndez Serrano (Castilla Le\u00f3n)<\/span><\/span><\/p>\n<p align=\"justify\"><span style=\"font-size: small;\"><span style=\"font-size: 12pt;\">2. Sebasti\u00e1n Lago Quintana (Galicia)<\/span><\/span><\/p>\n<p align=\"justify\"><span style=\"font-size: small;\"><span style=\"font-size: 12pt;\">3. Aitor Quintana L\u00f3pez (Euskadi)<\/span><\/span><\/p>\n<p align=\"justify\"><span style=\"font-size: small;\"><span style=\"font-size: 12pt;\">4. F\u00e9lix Gonz\u00e1lez Gonz\u00e1lez (Asturias)<\/span><\/span><\/p>\n<p align=\"justify\"><span style=\"font-size: small;\"><span style=\"font-size: 12pt;\">5. Sergio D\u00edaz \u00c1lvarez (Euskadi)<\/span><\/span><\/p>\n<p align=\"justify\"><span style=\"font-size: small;\"><span style=\"font-size: 12pt;\">6. Juan Manuel Galisteo (Castilla Le\u00f3n)<\/span><\/span><\/p>\n<p align=\"justify\"><span style=\"font-size: small;\"><span style=\"font-size: 12pt;\">Sergio Ortega (Castilla Le\u00f3n)<\/span><\/span><\/p>\n<p align=\"justify\"><span style=\"font-size: small;\"><span style=\"font-size: 12pt;\">Daniel L\u00f3pez Polino (Galicia)<\/span><\/span><\/p>\n<p align=\"justify\"><span style=\"font-size: small;\"><span style=\"font-size: 12pt;\">Eneco Solaum Galende (Euskadi)<\/span><\/span><\/p>\n<p align=\"justify\"><span style=\"font-size: small;\"><strong><span style=\"font-size: 12pt;\">Classic Bodybuilding (hasta 175 cm)<\/span><\/strong><\/span><\/p>\n<p align=\"justify\"><span style=\"font-size: small;\"><span style=\"font-size: 12pt;\">1. Amado S\u00e1nchez Gonz\u00e1lez (Asturias)<\/span><\/span><\/p>\n<p align=\"justify\"><span style=\"font-size: small;\"><span style=\"font-size: 12pt;\">2. Igor Badiola (Euskadi)<\/span><\/span><\/p>\n<p align=\"justify\"><span style=\"font-size: small;\"><span style=\"font-size: 12pt;\">3. Asier Urrutia (Euskadi)<\/span><\/span><\/p>\n<p align=\"justify\"><span style=\"font-size: small;\"><span style=\"font-size: 12pt;\">4. Juli\u00e1n Conde (Galicia)<\/span><\/span><\/p>\n<p align=\"justify\"><span style=\"font-size: small;\"><span style=\"font-size: 12pt;\">5. Daniel Arenas (Euskadi)<\/span><\/span><\/p>\n<p align=\"justify\"><span style=\"font-size: small;\"><span style=\"font-size: 12pt;\">6. Jos\u00e9\u00a0Alfredo Nieto (Galicia)<\/span><\/span><\/p>\n<p align=\"justify\"><span style=\"font-size: small;\"><span style=\"font-size: 12pt;\">Rafael Serna (Galicia)<\/span><\/span><\/p>\n<p align=\"justify\"><span style=\"font-size: small;\"><strong><span style=\"font-size: 12pt;\">Classic Bodybuilding (m\u00e1s de 175 cm)<\/span><\/strong><\/span><\/p>\n<p align=\"justify\"><span style=\"font-size: small;\"><span style=\"font-size: 12pt;\">1. Carlos Blanco (Galicia)<\/span><\/span><\/p>\n<p align=\"justify\"><span style=\"font-size: small;\"><span style=\"font-size: 12pt;\">2. Nass Yacob (Galicia)<\/span><\/span><\/p>\n<p align=\"justify\"><span style=\"font-size: small;\"><span style=\"font-size: 12pt;\">3. Juan Antonio Gonz\u00e1lez (Euskadi)<\/span><\/span><\/p>\n<p align=\"justify\"><span style=\"font-size: small;\"><span style=\"font-size: 12pt;\">4. Arkaitz Ma\u00edz (Euskadi)<\/span><\/span><\/p>\n<p align=\"justify\"><span style=\"font-size: small;\"><span style=\"font-size: 12pt;\">5. Guillermo Su\u00e1rez Calvo (Asturias)<\/span><\/span><\/p>\n<p align=\"justify\"><span style=\"font-size: small;\"><strong><span style=\"font-size: 12pt;\">Culturismo Senior (hasta 80 kilos)<\/span><\/strong><\/span><\/p>\n<p align=\"justify\"><span style=\"font-size: small;\"><span style=\"font-size: 12pt;\">1. Oscar Marqu\u00e9s (Asturias)<\/span><\/span><\/p>\n<p align=\"justify\"><span style=\"font-size: small;\"><span style=\"font-size: 12pt;\">2. El\u00edas Garc\u00eda (Galicia)<\/span><\/span><\/p>\n<p align=\"justify\"><span style=\"font-size: small;\"><span style=\"font-size: 12pt;\">3. Gumersindo Soto Souto (Galicia)<\/span><\/span><\/p>\n<p align=\"justify\"><span style=\"font-size: small;\"><span style=\"font-size: 12pt;\">4. Santiago Naveira (Galicia)<\/span><\/span><\/p>\n<p align=\"justify\"><span style=\"font-size: small;\"><span style=\"font-size: 12pt;\">5. David Saborido (Galicia)<\/span><\/span><\/p>\n<p align=\"justify\"><span style=\"font-size: small;\"><span style=\"font-size: 12pt;\">6. Luis Alfredo Salazar (Euskadi)<\/span><\/span><\/p>\n<p align=\"justify\"><span style=\"font-size: small;\"><span style=\"font-size: 12pt;\">Jos\u00e9\u00a0Mar\u00eda Casado (Castilla Le\u00f3n)<\/span><\/span><\/p>\n<p align=\"justify\"><span style=\"font-size: small;\"><span style=\"font-size: 12pt;\">Jos\u00e9\u00a0Ram\u00f3n Abad (Euskadi)<\/span><\/span><\/p>\n<p align=\"justify\"><span style=\"font-size: small;\"><strong><span style=\"font-size: 12pt;\">Culturismo Senior (de 80 a 90 kilos)<\/span><\/strong><\/span><\/p>\n<p align=\"justify\"><span style=\"font-size: small;\"><span style=\"font-size: 12pt;\">1. Santiago Fern\u00e1ndez (Galicia)<\/span><\/span><\/p>\n<p align=\"justify\"><span style=\"font-size: small;\"><span style=\"font-size: 12pt;\">2. Jos\u00e9\u00a0Vicente Pigueiras (Galicia)<\/span><\/span><\/p>\n<p align=\"justify\"><span style=\"font-size: small;\"><span style=\"font-size: 12pt;\">3. Jos\u00e9\u00a0Luis Iglesias (Galicia)<\/span><\/span><\/p>\n<p align=\"justify\"><span style=\"font-size: small;\"><strong><span style=\"font-size: 12pt;\">Culturismo Senior (m\u00e1s de 90 kilos)<\/span><\/strong><\/span><\/p>\n<p align=\"justify\"><span style=\"font-size: small;\"><span style=\"font-size: 12pt;\">1. Alfredo Marty (Galicia)<\/span><\/span><\/p>\n<p align=\"justify\"><span style=\"font-size: small;\"><span style=\"font-size: 12pt;\">2. Jos\u00e9\u00a0Luis Rodr\u00edguez Campos (Galicia)<\/span><\/span><\/p>\n<p align=\"justify\"><span style=\"font-size: small;\"><span style=\"font-size: 12pt;\">3. Leonardo Calvo Fern\u00e1ndez (Galicia)<\/span><\/span><\/p>\n<p align=\"justify\"><span style=\"font-size: small;\"><span style=\"font-size: 12pt;\"><br \/><\/span><\/span><\/p>\n<p align=\"justify\"><span style=\"font-size: small;\"><strong><span style=\"font-size: 12pt;\">Mejor Posador\u00a0<span style=\"font-weight: normal;\">Santiago Fern\u00e1ndez (Galicia)<\/span><\/span><\/strong><\/span><\/p>\n<p align=\"justify\"><span style=\"font-size: small;\"><strong><span style=\"font-size: 12pt;\">Campe\u00f3n Absoluto\u00a0<span style=\"font-weight: normal; font-size: 12px;\"><span style=\"font-size: small;\"><span style=\"font-size: 12pt;\">Santiago Fern\u00e1ndez (Galicia)<\/span><\/span><span style=\"font-size: 12pt;\"> <\/span><\/span><\/span><\/strong><\/span><\/p>\n<p align=\"justify\"><span style=\"font-size: 12pt;\"><\/p>\n<p><\/span><\/p>\n<p align=\"justify\"><span style=\"font-size: small;\"><strong><span style=\"font-size: 12pt;\">Atentamente:<\/span><\/strong><\/span><\/p>\n<p align=\"justify\"><span style=\"font-size: small;\"><strong><span style=\"font-size: 12pt;\">V\u00edctor Manuel Hern\u00e1ndez Rodr\u00edguez<br \/>Presidente Territorial Castilla y Le\u00f3n<br \/>FEFF\/IFBB Espa\u00f1a<\/span><\/strong><\/span><\/p>\n<div style=\"margin: 20px 0;\"><div class=\"qrcswholewtapper\" style=\"text-align:left;\"><div class=\"qrcprowrapper\"  id=\"qrcwraa2leds\"><div class=\"qrc_canvass\" id=\"qrc_cuttenpages_2\" style=\"display:inline-block\" data-text=\"https:\/\/fisicos21.com\/?p=6377\"><\/div><div><a download=\"Cto Norte Espa\u00f1a IFBB\/FEFF 2010; Resultados.png\" class=\"qrcdownloads\" id=\"worign\">\r\n           <button type=\"button\" style=\"min-width:206px;background:#dddddd;color:#000;font-weight: 600;border: 1px solid #dddddd;border-radius:4px;font-size:12px;padding: 6px 0;\" class=\"uqr_code_btn\">Download QR<\/button>\r\n           <\/a><\/div><\/div><\/div><\/div>","protected":false},"excerpt":{"rendered":"<p>Cto Norte Espa\u00f1a IFBB\/FEFF 2010; Resultados Una de las citas con m\u00e1s solera ha tenido este a\u00f1o un \u00e9xito que tiene pocos precedentes, ninguno en los \u00faltimos a\u00f1os, casi 50 competidores se reunieron en Valladolid para celebrar este evento que vio como el gallego Sergio Fern\u00e1ndez se alzaba con el absoluto. \u00a0 Download QR<\/p>\n","protected":false},"author":3,"featured_media":0,"comment_status":"open","ping_status":"closed","sticky":false,"template":"","format":"standard","meta":{"_monsterinsights_skip_tracking":false,"_monsterinsights_sitenote_active":false,"_monsterinsights_sitenote_note":"","_monsterinsights_sitenote_category":0,"footnotes":""},"categories":[64],"tags":[],"class_list":["post-6377","post","type-post","status-publish","format-standard","hentry","category-feff-ifbb-espana"],"_links":{"self":[{"href":"https:\/\/fisicos21.com\/index.php?rest_route=\/wp\/v2\/posts\/6377","targetHints":{"allow":["GET"]}}],"collection":[{"href":"https:\/\/fisicos21.com\/index.php?rest_route=\/wp\/v2\/posts"}],"about":[{"href":"https:\/\/fisicos21.com\/index.php?rest_route=\/wp\/v2\/types\/post"}],"author":[{"embeddable":true,"href":"https:\/\/fisicos21.com\/index.php?rest_route=\/wp\/v2\/users\/3"}],"replies":[{"embeddable":true,"href":"https:\/\/fisicos21.com\/index.php?rest_route=%2Fwp%2Fv2%2Fcomments&post=6377"}],"version-history":[{"count":0,"href":"https:\/\/fisicos21.com\/index.php?rest_route=\/wp\/v2\/posts\/6377\/revisions"}],"wp:attachment":[{"href":"https:\/\/fisicos21.com\/index.php?rest_route=%2Fwp%2Fv2%2Fmedia&parent=6377"}],"wp:term":[{"taxonomy":"category","embeddable":true,"href":"https:\/\/fisicos21.com\/index.php?rest_route=%2Fwp%2Fv2%2Fcategories&post=6377"},{"taxonomy":"post_tag","embeddable":true,"href":"https:\/\/fisicos21.com\/index.php?rest_route=%2Fwp%2Fv2%2Ftags&post=6377"}],"curies":[{"name":"wp","href":"https:\/\/api.w.org\/{rel}","templated":true}]}}