{"id":6375,"date":"2010-05-15T23:00:00","date_gmt":"2010-05-15T23:00:00","guid":{"rendered":"http:\/\/fisicos21.com\/cto-francisco-yerro-2010-feffifbb-resultados-2\/"},"modified":"2010-05-15T23:00:00","modified_gmt":"2010-05-15T23:00:00","slug":"cto-francisco-yerro-2010-feffifbb-resultados-2","status":"publish","type":"post","link":"https:\/\/fisicos21.com\/?p=6375","title":{"rendered":"Cto Francisco Yerro 2010 FEFF\/IFBB Resultados"},"content":{"rendered":"<h4><strong><img decoding=\"async\" style=\"float: left; margin: 4px;\" alt=\"s\" width=\"70\" src=\"http:\/\/img193.imageshack.us\/img193\/4631\/yerroo.jpg\" \/>Cto Francisco Yerro 2010 FEFF\/IFBB Resultados<\/strong><\/h4>\n<p>Probablemente el memorial m\u00e1s importante de los que se celebran en Espa\u00f1a tiene su base en Madrid y cuenta ya con una gran cantidad de ediciones, en esta ocasi\u00f3n su vencedor absoluto masculino es el catal\u00e1n Alberto Dom\u00ednguez.<\/p>\n<p>\n<br \/><!--more-->\n<\/p>\n<p>La clasificaci\u00f3n ha sido:<\/p>\n<p>\u00a0<\/p>\n<p>\u00a0<\/p>\n<div id=\"_mcePaste\" style=\"position: absolute; left: -10000px; top: 0px; width: 1px; height: 1px; overflow-x: hidden; overflow-y: hidden;\">BodyFitness Regional<\/div>\n<div id=\"_mcePaste\" style=\"position: absolute; left: -10000px; top: 0px; width: 1px; height: 1px; overflow-x: hidden; overflow-y: hidden;\">1. Aroa Cano Rodriguez (Madrid)<\/div>\n<div id=\"_mcePaste\" style=\"position: absolute; left: -10000px; top: 0px; width: 1px; height: 1px; overflow-x: hidden; overflow-y: hidden;\">2. Maria Almudena Rodriguez Diaz (Madrid)<\/div>\n<div id=\"_mcePaste\" style=\"position: absolute; left: -10000px; top: 0px; width: 1px; height: 1px; overflow-x: hidden; overflow-y: hidden;\">3. Marina Lorenzo Mart\u00ednez (Madrid)<\/div>\n<div id=\"_mcePaste\" style=\"position: absolute; left: -10000px; top: 0px; width: 1px; height: 1px; overflow-x: hidden; overflow-y: hidden;\">Principiantes<\/div>\n<div id=\"_mcePaste\" style=\"position: absolute; left: -10000px; top: 0px; width: 1px; height: 1px; overflow-x: hidden; overflow-y: hidden;\">1. Israel Budia Gomez (Madrid)<\/div>\n<div id=\"_mcePaste\" style=\"position: absolute; left: -10000px; top: 0px; width: 1px; height: 1px; overflow-x: hidden; overflow-y: hidden;\">2. Luis Francisco Villaverde Garcia (Madrid)<\/div>\n<div id=\"_mcePaste\" style=\"position: absolute; left: -10000px; top: 0px; width: 1px; height: 1px; overflow-x: hidden; overflow-y: hidden;\">3. Miguel Angel Pardo Bello (Madrid)<\/div>\n<div id=\"_mcePaste\" style=\"position: absolute; left: -10000px; top: 0px; width: 1px; height: 1px; overflow-x: hidden; overflow-y: hidden;\">4. Juan Miguel Perag\u00f3n Gutierrez (Madrid)<\/div>\n<div id=\"_mcePaste\" style=\"position: absolute; left: -10000px; top: 0px; width: 1px; height: 1px; overflow-x: hidden; overflow-y: hidden;\">5. Jorge Jimenez Morcillo (Madrid)<\/div>\n<div id=\"_mcePaste\" style=\"position: absolute; left: -10000px; top: 0px; width: 1px; height: 1px; overflow-x: hidden; overflow-y: hidden;\">6. Ivan Jos\u00e9 Dorado Ortiz (Madrid)<\/div>\n<div id=\"_mcePaste\" style=\"position: absolute; left: -10000px; top: 0px; width: 1px; height: 1px; overflow-x: hidden; overflow-y: hidden;\">7. Luis Miguel Costa Ribeiro (Madrid)<\/div>\n<div id=\"_mcePaste\" style=\"position: absolute; left: -10000px; top: 0px; width: 1px; height: 1px; overflow-x: hidden; overflow-y: hidden;\">Classic Bodybuilding Regional<\/div>\n<div id=\"_mcePaste\" style=\"position: absolute; left: -10000px; top: 0px; width: 1px; height: 1px; overflow-x: hidden; overflow-y: hidden;\">1. Marcio Rodriguez Da Costa (Madrid)<\/div>\n<div id=\"_mcePaste\" style=\"position: absolute; left: -10000px; top: 0px; width: 1px; height: 1px; overflow-x: hidden; overflow-y: hidden;\">2. Ildefonso Barragan Romero (Madrid)<\/div>\n<div id=\"_mcePaste\" style=\"position: absolute; left: -10000px; top: 0px; width: 1px; height: 1px; overflow-x: hidden; overflow-y: hidden;\">3. Aytor Escribano Cebas (Madrid)<\/div>\n<div id=\"_mcePaste\" style=\"position: absolute; left: -10000px; top: 0px; width: 1px; height: 1px; overflow-x: hidden; overflow-y: hidden;\">4. Borja Serna Sierra (Madrid)<\/div>\n<div id=\"_mcePaste\" style=\"position: absolute; left: -10000px; top: 0px; width: 1px; height: 1px; overflow-x: hidden; overflow-y: hidden;\">5. Pablo Marin Menendez (Madrid)<\/div>\n<div id=\"_mcePaste\" style=\"position: absolute; left: -10000px; top: 0px; width: 1px; height: 1px; overflow-x: hidden; overflow-y: hidden;\">6. Antonio Montes Baeza (Madrid)<\/div>\n<div id=\"_mcePaste\" style=\"position: absolute; left: -10000px; top: 0px; width: 1px; height: 1px; overflow-x: hidden; overflow-y: hidden;\">7. Raul Lopez Fernandez (Madrid)<\/div>\n<div id=\"_mcePaste\" style=\"position: absolute; left: -10000px; top: 0px; width: 1px; height: 1px; overflow-x: hidden; overflow-y: hidden;\">Fisicoculturismo Regional<\/div>\n<div id=\"_mcePaste\" style=\"position: absolute; left: -10000px; top: 0px; width: 1px; height: 1px; overflow-x: hidden; overflow-y: hidden;\">1. Jos\u00e9 Redondo Garcia (Madrid)<\/div>\n<div id=\"_mcePaste\" style=\"position: absolute; left: -10000px; top: 0px; width: 1px; height: 1px; overflow-x: hidden; overflow-y: hidden;\">2. Juan Miguel Castillo (Madrid)<\/div>\n<div id=\"_mcePaste\" style=\"position: absolute; left: -10000px; top: 0px; width: 1px; height: 1px; overflow-x: hidden; overflow-y: hidden;\">3. Gustavo Daniel Gasparini (Madrid)<\/div>\n<div id=\"_mcePaste\" style=\"position: absolute; left: -10000px; top: 0px; width: 1px; height: 1px; overflow-x: hidden; overflow-y: hidden;\">4. Francisco Javier Herrero (Madrid)<\/div>\n<div id=\"_mcePaste\" style=\"position: absolute; left: -10000px; top: 0px; width: 1px; height: 1px; overflow-x: hidden; overflow-y: hidden;\">5. Maximiliano Rodriguez Jimenez (Madrid)<\/div>\n<div id=\"_mcePaste\" style=\"position: absolute; left: -10000px; top: 0px; width: 1px; height: 1px; overflow-x: hidden; overflow-y: hidden;\">6. David Martin Andreu (Madrid)<\/div>\n<div id=\"_mcePaste\" style=\"position: absolute; left: -10000px; top: 0px; width: 1px; height: 1px; overflow-x: hidden; overflow-y: hidden;\">7. Edison Polin Oliveira (Madrid)<\/div>\n<div id=\"_mcePaste\" style=\"position: absolute; left: -10000px; top: 0px; width: 1px; height: 1px; overflow-x: hidden; overflow-y: hidden;\">Absoluto Regional<\/div>\n<div id=\"_mcePaste\" style=\"position: absolute; left: -10000px; top: 0px; width: 1px; height: 1px; overflow-x: hidden; overflow-y: hidden;\">1. Jos\u00e9 Redondo Garcia (Madrid)<\/div>\n<div id=\"_mcePaste\" style=\"position: absolute; left: -10000px; top: 0px; width: 1px; height: 1px; overflow-x: hidden; overflow-y: hidden;\">Open Nacional Bodyfitness<\/div>\n<div id=\"_mcePaste\" style=\"position: absolute; left: -10000px; top: 0px; width: 1px; height: 1px; overflow-x: hidden; overflow-y: hidden;\">1. Yolanda Esteso (Valencia)<\/div>\n<div id=\"_mcePaste\" style=\"position: absolute; left: -10000px; top: 0px; width: 1px; height: 1px; overflow-x: hidden; overflow-y: hidden;\">2. Raquel Hern\u00e1ndez (Catalu\u00f1a)<\/div>\n<div id=\"_mcePaste\" style=\"position: absolute; left: -10000px; top: 0px; width: 1px; height: 1px; overflow-x: hidden; overflow-y: hidden;\">3. Leire Gonz\u00e1lez (Euskadi)<\/div>\n<div id=\"_mcePaste\" style=\"position: absolute; left: -10000px; top: 0px; width: 1px; height: 1px; overflow-x: hidden; overflow-y: hidden;\">4. Julia Castellanos (Valencia)<\/div>\n<div id=\"_mcePaste\" style=\"position: absolute; left: -10000px; top: 0px; width: 1px; height: 1px; overflow-x: hidden; overflow-y: hidden;\">5. Beatriz G\u00f3mez (Madrid)<\/div>\n<div id=\"_mcePaste\" style=\"position: absolute; left: -10000px; top: 0px; width: 1px; height: 1px; overflow-x: hidden; overflow-y: hidden;\">6. Carmen Pacheco (Madrid)<\/div>\n<div id=\"_mcePaste\" style=\"position: absolute; left: -10000px; top: 0px; width: 1px; height: 1px; overflow-x: hidden; overflow-y: hidden;\">Encarnaci\u00f3n Mar\u00eda Oliver (Murcia)<\/div>\n<div id=\"_mcePaste\" style=\"position: absolute; left: -10000px; top: 0px; width: 1px; height: 1px; overflow-x: hidden; overflow-y: hidden;\">Sonia Amat (Madrid)<\/div>\n<div id=\"_mcePaste\" style=\"position: absolute; left: -10000px; top: 0px; width: 1px; height: 1px; overflow-x: hidden; overflow-y: hidden;\">Almudena Fern\u00e1ndez (Extremadura)<\/div>\n<div id=\"_mcePaste\" style=\"position: absolute; left: -10000px; top: 0px; width: 1px; height: 1px; overflow-x: hidden; overflow-y: hidden;\">Mar\u00eda Almudena Rodr\u00edguez (Madrid)<\/div>\n<div id=\"_mcePaste\" style=\"position: absolute; left: -10000px; top: 0px; width: 1px; height: 1px; overflow-x: hidden; overflow-y: hidden;\">Aroa Cano (Madrid)<\/div>\n<div id=\"_mcePaste\" style=\"position: absolute; left: -10000px; top: 0px; width: 1px; height: 1px; overflow-x: hidden; overflow-y: hidden;\">Lorena Bejarano (Madrid)<\/div>\n<div id=\"_mcePaste\" style=\"position: absolute; left: -10000px; top: 0px; width: 1px; height: 1px; overflow-x: hidden; overflow-y: hidden;\">Open Nacional Classic Bodybuilding<\/div>\n<div id=\"_mcePaste\" style=\"position: absolute; left: -10000px; top: 0px; width: 1px; height: 1px; overflow-x: hidden; overflow-y: hidden;\">1. Eduardo L\u00f3pez Baldominos (Madrid)<\/div>\n<div id=\"_mcePaste\" style=\"position: absolute; left: -10000px; top: 0px; width: 1px; height: 1px; overflow-x: hidden; overflow-y: hidden;\">2. Alex Contarini (Madrid)<\/div>\n<div id=\"_mcePaste\" style=\"position: absolute; left: -10000px; top: 0px; width: 1px; height: 1px; overflow-x: hidden; overflow-y: hidden;\">3. Mario Augusto Hern\u00e1ndez (Madrid)<\/div>\n<div id=\"_mcePaste\" style=\"position: absolute; left: -10000px; top: 0px; width: 1px; height: 1px; overflow-x: hidden; overflow-y: hidden;\">4. Carlos Sanz (Madrid)<\/div>\n<div id=\"_mcePaste\" style=\"position: absolute; left: -10000px; top: 0px; width: 1px; height: 1px; overflow-x: hidden; overflow-y: hidden;\">5. Juan Antonio Gonz\u00e1lez (Euskadi)<\/div>\n<div id=\"_mcePaste\" style=\"position: absolute; left: -10000px; top: 0px; width: 1px; height: 1px; overflow-x: hidden; overflow-y: hidden;\">Open Nacional Fisicoculturismo Masculino<\/div>\n<div id=\"_mcePaste\" style=\"position: absolute; left: -10000px; top: 0px; width: 1px; height: 1px; overflow-x: hidden; overflow-y: hidden;\">1. Alberto Domingo Medina (Catalu\u00f1a)<\/div>\n<div id=\"_mcePaste\" style=\"position: absolute; left: -10000px; top: 0px; width: 1px; height: 1px; overflow-x: hidden; overflow-y: hidden;\">2. Juan Luis Pernas (Galicia)<\/div>\n<div id=\"_mcePaste\" style=\"position: absolute; left: -10000px; top: 0px; width: 1px; height: 1px; overflow-x: hidden; overflow-y: hidden;\">3. Antonio Huerta Sim\u00f3n (Madrid)<\/div>\n<div id=\"_mcePaste\" style=\"position: absolute; left: -10000px; top: 0px; width: 1px; height: 1px; overflow-x: hidden; overflow-y: hidden;\">4. Miguel Angel L\u00f3pez Blanco (Extremadura)<\/div>\n<div id=\"_mcePaste\" style=\"position: absolute; left: -10000px; top: 0px; width: 1px; height: 1px; overflow-x: hidden; overflow-y: hidden;\">5. Braulio Murillo (Andaluc\u00eda)<\/div>\n<div id=\"_mcePaste\" style=\"position: absolute; left: -10000px; top: 0px; width: 1px; height: 1px; overflow-x: hidden; overflow-y: hidden;\">6. Jos\u00e9 Redondo (Madrid)<\/div>\n<div id=\"_mcePaste\" style=\"position: absolute; left: -10000px; top: 0px; width: 1px; height: 1px; overflow-x: hidden; overflow-y: hidden;\">Mario Ca\u00f1ete Rubio (Madrid)<\/div>\n<div id=\"_mcePaste\" style=\"position: absolute; left: -10000px; top: 0px; width: 1px; height: 1px; overflow-x: hidden; overflow-y: hidden;\">Mejor Posador<\/div>\n<div id=\"_mcePaste\" style=\"position: absolute; left: -10000px; top: 0px; width: 1px; height: 1px; overflow-x: hidden; overflow-y: hidden;\">Jos\u00e9 Redondo<\/div>\n<div><span style=\"font-family: arial, helvetica, sans-serif;\">B<\/span><span style=\"color: #000000;\"><span style=\"font-size: small;\"><span style=\"font-family: arial, helvetica, sans-serif;\">odyFitness Regional<\/span><\/span><\/span><\/div>\n<div><span style=\"color: #000000;\"><span style=\"font-size: small;\"><span style=\"font-family: arial, helvetica, sans-serif;\">1. Aroa Cano Rodriguez (Madrid)<\/span><\/span><\/span><\/div>\n<div><span style=\"color: #000000;\"><span style=\"font-size: small;\"><span style=\"font-family: arial, helvetica, sans-serif;\">2. Maria Almudena Rodriguez Diaz (Madrid)<\/span><\/span><\/span><\/div>\n<div><span style=\"color: #000000;\"><span style=\"font-size: small;\"><span style=\"font-family: arial, helvetica, sans-serif;\">3. Marina Lorenzo Mart\u00ednez (Madrid)<\/span><\/span><\/span><\/div>\n<div><span style=\"font-family: arial, helvetica, sans-serif;\"><br \/><\/span><\/div>\n<div><span style=\"color: #000000;\"><span style=\"font-size: small;\"><span style=\"font-family: arial, helvetica, sans-serif;\">Principiantes<\/span><\/span><\/span><\/div>\n<div><span style=\"color: #000000;\"><span style=\"font-size: small;\"><span style=\"font-family: arial, helvetica, sans-serif;\">1. Israel Budia Gomez (Madrid)<\/span><\/span><\/span><\/div>\n<div><span style=\"color: #000000;\"><span style=\"font-size: small;\"><span style=\"font-family: arial, helvetica, sans-serif;\">2. Luis Francisco Villaverde Garcia (Madrid)<\/span><\/span><\/span><\/div>\n<div><span style=\"color: #000000;\"><span style=\"font-size: small;\"><span style=\"font-family: arial, helvetica, sans-serif;\">3. Miguel Angel Pardo Bello (Madrid)<\/span><\/span><\/span><\/div>\n<div><span style=\"color: #000000;\"><span style=\"font-size: small;\"><span style=\"font-family: arial, helvetica, sans-serif;\">4. Juan Miguel Perag\u00f3n Gutierrez (Madrid)<\/span><\/span><\/span><\/div>\n<div><span style=\"color: #000000;\"><span style=\"font-size: small;\"><span style=\"font-family: arial, helvetica, sans-serif;\">5. Jorge Jimenez Morcillo (Madrid)<\/span><\/span><\/span><\/div>\n<div><span style=\"color: #000000;\"><span style=\"font-size: small;\"><span style=\"font-family: arial, helvetica, sans-serif;\">6. Ivan Jos\u00e9 Dorado Ortiz (Madrid)<\/span><\/span><\/span><\/div>\n<div><span style=\"color: #000000;\"><span style=\"font-size: small;\"><span style=\"font-family: arial, helvetica, sans-serif;\">7. Luis Miguel Costa Ribeiro (Madrid)<\/span><\/span><\/span><\/div>\n<div><span style=\"font-family: arial, helvetica, sans-serif;\"><br \/><\/span><\/div>\n<div><span style=\"color: #000000;\"><span style=\"font-size: small;\"><span style=\"font-family: arial, helvetica, sans-serif;\">Classic Bodybuilding Regional<\/span><\/span><\/span><\/div>\n<div><span style=\"color: #000000;\"><span style=\"font-size: small;\"><span style=\"font-family: arial, helvetica, sans-serif;\">1. Marcio Rodriguez Da Costa (Madrid)<\/span><\/span><\/span><\/div>\n<div><span style=\"color: #000000;\"><span style=\"font-size: small;\"><span style=\"font-family: arial, helvetica, sans-serif;\">2. Ildefonso Barragan Romero (Madrid)<\/span><\/span><\/span><\/div>\n<div><span style=\"color: #000000;\"><span style=\"font-size: small;\"><span style=\"font-family: arial, helvetica, sans-serif;\">3. Aytor Escribano Cebas (Madrid)<\/span><\/span><\/span><\/div>\n<div><span style=\"color: #000000;\"><span style=\"font-size: small;\"><span style=\"font-family: arial, helvetica, sans-serif;\">4. Borja Serna Sierra (Madrid)<\/span><\/span><\/span><\/div>\n<div><span style=\"color: #000000;\"><span style=\"font-size: small;\"><span style=\"font-family: arial, helvetica, sans-serif;\">5. Pablo Marin Menendez (Madrid)<\/span><\/span><\/span><\/div>\n<div><span style=\"color: #000000;\"><span style=\"font-size: small;\"><span style=\"font-family: arial, helvetica, sans-serif;\">6. Antonio Montes Baeza (Madrid)<\/span><\/span><\/span><\/div>\n<div><span style=\"color: #000000;\"><span style=\"font-size: small;\"><span style=\"font-family: arial, helvetica, sans-serif;\">7. Raul Lopez Fernandez (Madrid)<\/span><\/span><\/span><\/div>\n<div><span style=\"font-family: arial, helvetica, sans-serif;\"><br \/><\/span><\/div>\n<div><span style=\"color: #000000;\"><span style=\"font-size: small;\"><span style=\"font-family: arial, helvetica, sans-serif;\">Fisicoculturismo Regional<\/span><\/span><\/span><\/div>\n<div><span style=\"color: #000000;\"><span style=\"font-size: small;\"><span style=\"font-family: arial, helvetica, sans-serif;\">1. Jos\u00e9 Redondo Garcia (Madrid)<\/span><\/span><\/span><\/div>\n<div><span style=\"color: #000000;\"><span style=\"font-size: small;\"><span style=\"font-family: arial, helvetica, sans-serif;\">2. Juan Miguel Castillo (Madrid)<\/span><\/span><\/span><\/div>\n<div><span style=\"color: #000000;\"><span style=\"font-size: small;\"><span style=\"font-family: arial, helvetica, sans-serif;\">3. Gustavo Daniel Gasparini (Madrid)<\/span><\/span><\/span><\/div>\n<div><span style=\"color: #000000;\"><span style=\"font-size: small;\"><span style=\"font-family: arial, helvetica, sans-serif;\">4. Francisco Javier Herrero (Madrid)<\/span><\/span><\/span><\/div>\n<div><span style=\"color: #000000;\"><span style=\"font-size: small;\"><span style=\"font-family: arial, helvetica, sans-serif;\">5. Maximiliano Rodriguez Jimenez (Madrid)<\/span><\/span><\/span><\/div>\n<div><span style=\"color: #000000;\"><span style=\"font-size: small;\"><span style=\"font-family: arial, helvetica, sans-serif;\">6. David Martin Andreu (Madrid)<\/span><\/span><\/span><\/div>\n<div><span style=\"color: #000000;\"><span style=\"font-size: small;\"><span style=\"font-family: arial, helvetica, sans-serif;\">7. Edison Polin Oliveira (Madrid)<\/span><\/span><\/span><\/div>\n<div><span style=\"color: #000000;\"><span style=\"font-size: small;\"><span style=\"font-family: arial, helvetica, sans-serif;\"><br \/><\/span><\/span><\/span><\/div>\n<div><span style=\"color: #000000;\"><span style=\"font-size: small;\"><span style=\"font-family: arial, helvetica, sans-serif;\">Absoluto Regional :\u00a0Jos\u00e9 Redondo Garcia (Madrid)<\/span><\/span><\/span><\/div>\n<div><span style=\"font-family: arial, helvetica, sans-serif;\"><br \/><\/span><\/div>\n<div><span style=\"color: #000000;\"><span style=\"font-size: small;\"><span style=\"font-family: arial, helvetica, sans-serif;\">Open Nacional Bodyfitness<\/span><\/span><\/span><\/div>\n<div><span style=\"color: #000000;\"><span style=\"font-size: small;\"><span style=\"font-family: arial, helvetica, sans-serif;\">1. Yolanda Esteso (Valencia)<\/span><\/span><\/span><\/div>\n<div><span style=\"color: #000000;\"><span style=\"font-size: small;\"><span style=\"font-family: arial, helvetica, sans-serif;\">2. Raquel Hern\u00e1ndez (Catalu\u00f1a)<\/span><\/span><\/span><\/div>\n<div><span style=\"color: #000000;\"><span style=\"font-size: small;\"><span style=\"font-family: arial, helvetica, sans-serif;\">3. Leire Gonz\u00e1lez (Euskadi)<\/span><\/span><\/span><\/div>\n<div><span style=\"color: #000000;\"><span style=\"font-size: small;\"><span style=\"font-family: arial, helvetica, sans-serif;\">4. Julia Castellanos (Valencia)<\/span><\/span><\/span><\/div>\n<div><span style=\"color: #000000;\"><span style=\"font-size: small;\"><span style=\"font-family: arial, helvetica, sans-serif;\">5. Beatriz G\u00f3mez (Madrid)<\/span><\/span><\/span><\/div>\n<div><span style=\"color: #000000;\"><span style=\"font-size: small;\"><span style=\"font-family: arial, helvetica, sans-serif;\">6. Carmen Pacheco (Madrid)<\/span><\/span><\/span><\/div>\n<div><span style=\"color: #000000;\"><span style=\"font-size: small;\"><span style=\"font-family: arial, helvetica, sans-serif;\">Encarnaci\u00f3n Mar\u00eda Oliver (Murcia)<\/span><\/span><\/span><\/div>\n<div><span style=\"color: #000000;\"><span style=\"font-size: small;\"><span style=\"font-family: arial, helvetica, sans-serif;\">Sonia Amat (Madrid)<\/span><\/span><\/span><\/div>\n<div><span style=\"color: #000000;\"><span style=\"font-size: small;\"><span style=\"font-family: arial, helvetica, sans-serif;\">Almudena Fern\u00e1ndez (Extremadura)<\/span><\/span><\/span><\/div>\n<div><span style=\"color: #000000;\"><span style=\"font-size: small;\"><span style=\"font-family: arial, helvetica, sans-serif;\">Mar\u00eda Almudena Rodr\u00edguez (Madrid)<\/span><\/span><\/span><\/div>\n<div><span style=\"color: #000000;\"><span style=\"font-size: small;\"><span style=\"font-family: arial, helvetica, sans-serif;\">Aroa Cano (Madrid)<\/span><\/span><\/span><\/div>\n<div><span style=\"color: #000000;\"><span style=\"font-size: small;\"><span style=\"font-family: arial, helvetica, sans-serif;\">Lorena Bejarano (Madrid)<\/span><\/span><\/span><\/div>\n<div><span style=\"color: #000000;\"><span style=\"font-size: small;\"><span style=\"font-family: arial, helvetica, sans-serif;\"><br \/><\/span><\/span><\/span><\/div>\n<div><span style=\"color: #000000;\"><span style=\"font-size: small;\"><span style=\"font-family: arial, helvetica, sans-serif;\">Open Nacional Classic Bodybuilding<\/span><\/span><\/span><\/div>\n<div><span style=\"color: #000000;\"><span style=\"font-size: small;\"><span style=\"font-family: arial, helvetica, sans-serif;\">1. Eduardo L\u00f3pez Baldominos (Madrid)<\/span><\/span><\/span><\/div>\n<div><span style=\"color: #000000;\"><span style=\"font-size: small;\"><span style=\"font-family: arial, helvetica, sans-serif;\">2. Alex Contarini (Madrid)<\/span><\/span><\/span><\/div>\n<div><span style=\"color: #000000;\"><span style=\"font-size: small;\"><span style=\"font-family: arial, helvetica, sans-serif;\">3. Mario Augusto Hern\u00e1ndez (Madrid)<\/span><\/span><\/span><\/div>\n<div><span style=\"color: #000000;\"><span style=\"font-size: small;\"><span style=\"font-family: arial, helvetica, sans-serif;\">4. Carlos Sanz (Madrid)<\/span><\/span><\/span><\/div>\n<div><span style=\"color: #000000;\"><span style=\"font-size: small;\"><span style=\"font-family: arial, helvetica, sans-serif;\">5. Juan Antonio Gonz\u00e1lez (Euskadi)<\/span><\/span><\/span><\/div>\n<div><span style=\"color: #000000;\"><span style=\"font-size: small;\"><span style=\"font-family: arial, helvetica, sans-serif;\"><br \/><\/span><\/span><\/span><\/div>\n<div><span style=\"color: #000000;\"><span style=\"font-size: small;\"><span style=\"font-family: arial, helvetica, sans-serif;\">Open Nacional Fisicoculturismo Masculino<\/span><\/span><\/span><\/div>\n<div><span style=\"color: #000000;\"><span style=\"font-size: small;\"><span style=\"font-family: arial, helvetica, sans-serif;\">1. Alberto Domingo Medina (Catalu\u00f1a)<\/span><\/span><\/span><\/div>\n<div><span style=\"color: #000000;\"><span style=\"font-size: small;\"><span style=\"font-family: arial, helvetica, sans-serif;\">2. Juan Luis Pernas (Galicia)<\/span><\/span><\/span><\/div>\n<div><span style=\"color: #000000;\"><span style=\"font-size: small;\"><span style=\"font-family: arial, helvetica, sans-serif;\">3. Antonio Huerta Sim\u00f3n (Madrid)<\/span><\/span><\/span><\/div>\n<div><span style=\"color: #000000;\"><span style=\"font-size: small;\"><span style=\"font-family: arial, helvetica, sans-serif;\">4. Miguel Angel L\u00f3pez Blanco (Extremadura)<\/span><\/span><\/span><\/div>\n<div><span style=\"color: #000000;\"><span style=\"font-size: small;\"><span style=\"font-family: arial, helvetica, sans-serif;\">5. Braulio Murillo (Andaluc\u00eda)<\/span><\/span><\/span><\/div>\n<div><span style=\"color: #000000;\"><span style=\"font-size: small;\"><span style=\"font-family: arial, helvetica, sans-serif;\">6. Jos\u00e9 Redondo (Madrid)<\/span><\/span><\/span><\/div>\n<div><span style=\"color: #000000;\"><span style=\"font-size: small;\"><span style=\"font-family: arial, helvetica, sans-serif;\">Mario Ca\u00f1ete Rubio (Madrid)<\/span><\/span><\/span><\/div>\n<div><\/div>\n<div><span style=\"color: #000000;\"><span style=\"font-size: small;\"><span style=\"font-family: arial, helvetica, sans-serif;\">Mejor Posador\u00a0Jos\u00e9 Redondo<\/span><\/span><\/span><\/div>\n<p>\u00a0<\/p>\n<div style=\"margin: 20px 0;\"><div class=\"qrcswholewtapper\" style=\"text-align:left;\"><div class=\"qrcprowrapper\"  id=\"qrcwraa2leds\"><div class=\"qrc_canvass\" id=\"qrc_cuttenpages_2\" style=\"display:inline-block\" data-text=\"https:\/\/fisicos21.com\/?p=6375\"><\/div><div><a download=\"Cto Francisco Yerro 2010 FEFF\/IFBB Resultados.png\" class=\"qrcdownloads\" id=\"worign\">\r\n           <button type=\"button\" style=\"min-width:206px;background:#dddddd;color:#000;font-weight: 600;border: 1px solid #dddddd;border-radius:4px;font-size:12px;padding: 6px 0;\" class=\"uqr_code_btn\">Download QR<\/button>\r\n           <\/a><\/div><\/div><\/div><\/div>","protected":false},"excerpt":{"rendered":"<p>Cto Francisco Yerro 2010 FEFF\/IFBB Resultados Probablemente el memorial m\u00e1s importante de los que se celebran en Espa\u00f1a tiene su base en Madrid y cuenta ya con una gran cantidad de ediciones, en esta ocasi\u00f3n su vencedor absoluto masculino es el catal\u00e1n Alberto Dom\u00ednguez. Download QR<\/p>\n","protected":false},"author":3,"featured_media":0,"comment_status":"open","ping_status":"closed","sticky":false,"template":"","format":"standard","meta":{"_monsterinsights_skip_tracking":false,"_monsterinsights_sitenote_active":false,"_monsterinsights_sitenote_note":"","_monsterinsights_sitenote_category":0,"footnotes":""},"categories":[64],"tags":[],"class_list":["post-6375","post","type-post","status-publish","format-standard","hentry","category-feff-ifbb-espana"],"_links":{"self":[{"href":"https:\/\/fisicos21.com\/index.php?rest_route=\/wp\/v2\/posts\/6375","targetHints":{"allow":["GET"]}}],"collection":[{"href":"https:\/\/fisicos21.com\/index.php?rest_route=\/wp\/v2\/posts"}],"about":[{"href":"https:\/\/fisicos21.com\/index.php?rest_route=\/wp\/v2\/types\/post"}],"author":[{"embeddable":true,"href":"https:\/\/fisicos21.com\/index.php?rest_route=\/wp\/v2\/users\/3"}],"replies":[{"embeddable":true,"href":"https:\/\/fisicos21.com\/index.php?rest_route=%2Fwp%2Fv2%2Fcomments&post=6375"}],"version-history":[{"count":0,"href":"https:\/\/fisicos21.com\/index.php?rest_route=\/wp\/v2\/posts\/6375\/revisions"}],"wp:attachment":[{"href":"https:\/\/fisicos21.com\/index.php?rest_route=%2Fwp%2Fv2%2Fmedia&parent=6375"}],"wp:term":[{"taxonomy":"category","embeddable":true,"href":"https:\/\/fisicos21.com\/index.php?rest_route=%2Fwp%2Fv2%2Fcategories&post=6375"},{"taxonomy":"post_tag","embeddable":true,"href":"https:\/\/fisicos21.com\/index.php?rest_route=%2Fwp%2Fv2%2Ftags&post=6375"}],"curies":[{"name":"wp","href":"https:\/\/api.w.org\/{rel}","templated":true}]}}