{"id":5465,"date":"2012-08-17T10:33:01","date_gmt":"2012-08-17T10:33:01","guid":{"rendered":"http:\/\/fisicos21.com\/?p=5465"},"modified":"2012-08-17T10:33:01","modified_gmt":"2012-08-17T10:33:01","slug":"cto-provincial-almeriaopen-reg-propharma-faff-feff-2012","status":"publish","type":"post","link":"https:\/\/fisicos21.com\/?p=5465","title":{"rendered":"Cto Provincial Almer\u00eda+Open Reg ProPharma FAFF FEFF 2012"},"content":{"rendered":"<h4><strong><img decoding=\"async\" src=\"http:\/\/a4.sphotos.ak.fbcdn.net\/hphotos-ak-prn1\/523070_330507567042461_1631436200_n.jpg\" width=\"70\" alt=\"s\" style=\"margin: 4px; float: left;\" \/>Cto Provincial Almer\u00eda+Open Reg ProPharma FAFF FEFF 2012<\/strong><\/h4>\n<p>La d\u00e9cima edici\u00f3n seguida desde 2003 del campeonato Provincial de Almer\u00eda, uno de los m\u00e0s numerosos de Espa\u00f1a y que trae adem\u00e1s un interesante Open Regional con mil euros masculinos y 500 para las Bikinis.<\/p>\n<p>\u00a0<\/p>\n<div style=\"text-align: left;\">\n<br \/><!--more--><br \/>\nLos detalles del campeonato son:<\/div>\n<p><img decoding=\"async\" src=\"http:\/\/a4.sphotos.ak.fbcdn.net\/hphotos-ak-prn1\/523070_330507567042461_1631436200_n.jpg\" width=\"500\" alt=\"s\" style=\"text-align: right; margin: 4px; float: right;\" \/><\/p>\n<p>\u00a0<\/p>\n<p>Fecha; S\u00e1bado 29 de septiembre<br \/>Lugar; <a href=\"http:\/\/www.almeriacultura.com\/index.php?option=com_wrapper&amp;view=wrapper&amp;Itemid=86\">Auditorium Maestro Padilla<\/a>, Plaza de Alfredo Kraus s\/n Almer\u00eda<br \/>Horario; \u00a017.00 horas (pesaje 15.00 horas)<br \/>Informaci\u00f3n; Carlos Rom\u00e1n 618 165 436<br \/>Precio entradas; 12 euros (10 anticipadas)<\/p>\n<p><img decoding=\"async\" style=\"margin: 4px; float: left;\" alt=\"s\" src=\"http:\/\/www.almeriacultura.com\/estaticas\/imagenes\/auditorio\/8.jpg\" \/><\/p>\n<div style=\"margin: 20px 0;\"><div class=\"qrcswholewtapper\" style=\"text-align:left;\"><div class=\"qrcprowrapper\"  id=\"qrcwraa2leds\"><div class=\"qrc_canvass\" id=\"qrc_cuttenpages_2\" style=\"display:inline-block\" data-text=\"https:\/\/fisicos21.com\/?p=5465\"><\/div><div><a download=\"Cto Provincial Almer\u00eda+Open Reg ProPharma FAFF FEFF 2012.png\" class=\"qrcdownloads\" id=\"worign\">\r\n           <button type=\"button\" style=\"min-width:206px;background:#dddddd;color:#000;font-weight: 600;border: 1px solid #dddddd;border-radius:4px;font-size:12px;padding: 6px 0;\" class=\"uqr_code_btn\">Download QR<\/button>\r\n           <\/a><\/div><\/div><\/div><\/div>","protected":false},"excerpt":{"rendered":"<p>Cto Provincial Almer\u00eda+Open Reg ProPharma FAFF FEFF 2012 La d\u00e9cima edici\u00f3n seguida desde 2003 del campeonato Provincial de Almer\u00eda, uno de los m\u00e0s numerosos de Espa\u00f1a y que trae adem\u00e1s un interesante Open Regional con mil euros masculinos y 500 para las Bikinis. \u00a0 Download QR<\/p>\n","protected":false},"author":3,"featured_media":0,"comment_status":"open","ping_status":"closed","sticky":false,"template":"","format":"standard","meta":{"_monsterinsights_skip_tracking":false,"_monsterinsights_sitenote_active":false,"_monsterinsights_sitenote_note":"","_monsterinsights_sitenote_category":0,"footnotes":""},"categories":[85],"tags":[],"class_list":["post-5465","post","type-post","status-publish","format-standard","hentry","category-proximos-eventos"],"_links":{"self":[{"href":"https:\/\/fisicos21.com\/index.php?rest_route=\/wp\/v2\/posts\/5465","targetHints":{"allow":["GET"]}}],"collection":[{"href":"https:\/\/fisicos21.com\/index.php?rest_route=\/wp\/v2\/posts"}],"about":[{"href":"https:\/\/fisicos21.com\/index.php?rest_route=\/wp\/v2\/types\/post"}],"author":[{"embeddable":true,"href":"https:\/\/fisicos21.com\/index.php?rest_route=\/wp\/v2\/users\/3"}],"replies":[{"embeddable":true,"href":"https:\/\/fisicos21.com\/index.php?rest_route=%2Fwp%2Fv2%2Fcomments&post=5465"}],"version-history":[{"count":0,"href":"https:\/\/fisicos21.com\/index.php?rest_route=\/wp\/v2\/posts\/5465\/revisions"}],"wp:attachment":[{"href":"https:\/\/fisicos21.com\/index.php?rest_route=%2Fwp%2Fv2%2Fmedia&parent=5465"}],"wp:term":[{"taxonomy":"category","embeddable":true,"href":"https:\/\/fisicos21.com\/index.php?rest_route=%2Fwp%2Fv2%2Fcategories&post=5465"},{"taxonomy":"post_tag","embeddable":true,"href":"https:\/\/fisicos21.com\/index.php?rest_route=%2Fwp%2Fv2%2Ftags&post=5465"}],"curies":[{"name":"wp","href":"https:\/\/api.w.org\/{rel}","templated":true}]}}