{"id":5079,"date":"2013-07-07T23:00:00","date_gmt":"2013-07-07T23:00:00","guid":{"rendered":"http:\/\/fisicos21.com\/?p=5079"},"modified":"2013-07-07T23:00:00","modified_gmt":"2013-07-07T23:00:00","slug":"curso-extraordinario-de-jueces-faff-sevilla-julio-2013","status":"publish","type":"post","link":"https:\/\/fisicos21.com\/?p=5079","title":{"rendered":"Curso Extraordinario  de Jueces FAFF Sevilla julio 2013"},"content":{"rendered":"<h3 style=\"color: #ff9715; font-family: Arial, Tahoma, Verdana; line-height: 18px;\"><strong style=\"border: 0px;\"><img loading=\"lazy\" decoding=\"async\" align=\"left\" alt=\"s\" height=\"89\" hspace=\"4\" src=\"http:\/\/ifbb-andalucia.com\/images\/LOGOFAFFpeq(1).jpg\" vspace=\"4\" width=\"70\" style=\"margin: 5px;\" \/><span style=\"color: #000000;\">Quieres ser Juez Regional en FAFF? &#8211; &nbsp;Curso en Sevilla julio 2013<\/span><\/strong><span style=\"color: #333333; font-family: Georgia, Arial, Tahoma, Verdana; font-size: 12px; line-height: normal;\">&nbsp;<\/span><\/h3>\n<p style=\"color: #666666; font-family: Arial, Tahoma, Verdana; line-height: 18px;\">De manera extraordinaria se convoca un curso de jueces regionales en Villanueva del Ariscal (Sevilla) &nbsp;debido a las peticiones para realizar este curso y poder optar a ser juez oficial en FAFF.<\/p>\n<p><!--more--><\/p>\n<p style=\"color: #666666; font-family: Arial, Tahoma, Verdana; line-height: 18px;\"><span style=\"border: 0px; text-align: justify;\">Reuni\u00f3n y curso de Jueces AAF-IFBB Andaluc\u00eda<\/span><\/p>\n<p align=\"center\" style=\"color: #666666; font-family: Arial, Tahoma, Verdana; line-height: 18px; text-align: center;\"><span style=\"border: 0px; font-size: 10pt;\">CURSO DE JUECES REGIONALES&nbsp;<span style=\"border: 0px; font-size: 10pt;\">DE ANDALUCIA<\/span><\/span><\/p>\n<p style=\"color: #666666; font-family: Arial, Tahoma, Verdana; line-height: 18px; text-align: justify;\"><span style=\"border: 0px; font-size: 10pt;\">Por la presente la FAFF, convoca a todos los jueces de su territorial, a la reuni\u00f3n que celebrar\u00e1 el pr\u00f3ximo&nbsp;<strong style=\"border: 0px;\">s\u00e1bado 20 de julio de 2013, a las 11\u201930 horas<\/strong>, en Villanueva del Ariscal,&nbsp;Sevilla, con el siguiente programa;<\/span><\/p>\n<ul style=\"margin-left: 20px; border: 0px; color: #666666; font-family: Arial, Tahoma, Verdana; line-height: 18px;\">\n<li style=\"border: 0px; text-align: justify;\"><span style=\"border: 0px; font-size: 10pt;\">11\u201930 horas, Presentaci\u00f3n del curso<\/span><\/li>\n<li style=\"border: 0px; text-align: justify;\"><span style=\"border: 0px; font-size: 10pt;\">11\u201945 horas, Reciclaje de antiguos jueces y comiezo del curso<\/span><\/li>\n<li style=\"border: 0px; text-align: justify;\"><span style=\"border: 0px; font-size: 10pt;\">13\u201900 horas, Tests Gr\u00e1ficos y modalidades exclusivas andaluzas<\/span><\/li>\n<li style=\"border: 0px; text-align: justify;\"><span style=\"border: 0px; font-size: 10pt;\">13\u201900 horas, cambios en la reglamentaci\u00f3n.<\/span><\/li>\n<li style=\"border: 0px; text-align: justify;\"><span style=\"border: 0px; font-size: 10pt;\">14\u201900 horas, Fin del curso<\/span><\/li>\n<\/ul>\n<p style=\"color: #666666; font-family: Arial, Tahoma, Verdana; line-height: 18px; text-align: justify;\"><span size=\"2\" style=\"border: 0px; font-size: 10pt;\"><br \/><\/span><\/p>\n<p style=\"color: #666666; font-family: Arial, Tahoma, Verdana; line-height: 18px; text-align: justify;\"><span size=\"2\" style=\"border: 0px; font-size: 10pt;\">Con ocasi\u00f3n del evento del Circuito de Verano FAFF 2013 a celebrar en la misma localidad, se convoca este curso con una pr\u00e0ctica de las nuevas modalidades&nbsp;<\/span><\/p>\n<p style=\"color: #666666; font-family: Arial, Tahoma, Verdana; line-height: 18px; text-align: justify;\"><span size=\"2\" style=\"border: 0px; font-size: 10pt;\">Nuria Mu\u00f1oz, presidenta del Comit\u00e9 de Jueces Regional FAFF ofrecer\u00e1 adem\u00e1s la posibilidad de realizar el examen te\u00f3rico y pr\u00e1ctico en el campeonato que se elija en el calendario FAFF del resto del a\u00f1o 2013.<\/span><\/p>\n<p style=\"color: #666666; font-family: Arial, Tahoma, Verdana; line-height: 18px; text-align: justify;\"><span size=\"2\" style=\"border: 0px; font-size: 10pt;\">El precio del curso es de 120 euros, pudiendo realizar tantas pr\u00e1cticas como desees en lo que resta de temporada FAFF.<\/span><\/p>\n<p style=\"color: #666666; font-family: Arial, Tahoma, Verdana; line-height: 18px; text-align: justify;\"><span style=\"border: 0px; font-size: 10pt;\">Para m\u00e1s informaci\u00f3n e inscripciones en los tel\u00e9fonos 691031913 en&nbsp;<a href=\"mailto:&lt;a href=\" mailto:ifbbandalucia=\"\" hotmail=\"\" com=\"\">ifbbandalucia@<\/a>gmail.com\u00bb<\/span><\/p>\n<div style=\"margin: 20px 0;\"><div class=\"qrcswholewtapper\" style=\"text-align:left;\"><div class=\"qrcprowrapper\"  id=\"qrcwraa2leds\"><div class=\"qrc_canvass\" id=\"qrc_cuttenpages_2\" style=\"display:inline-block\" data-text=\"https:\/\/fisicos21.com\/?p=5079\"><\/div><div><a download=\"Curso Extraordinario  de Jueces FAFF Sevilla julio 2013.png\" class=\"qrcdownloads\" id=\"worign\">\r\n           <button type=\"button\" style=\"min-width:206px;background:#dddddd;color:#000;font-weight: 600;border: 1px solid #dddddd;border-radius:4px;font-size:12px;padding: 6px 0;\" class=\"uqr_code_btn\">Download QR<\/button>\r\n           <\/a><\/div><\/div><\/div><\/div>","protected":false},"excerpt":{"rendered":"<p>Quieres ser Juez Regional en FAFF? &#8211; &nbsp;Curso en Sevilla julio 2013&nbsp; De manera extraordinaria se convoca un curso de jueces regionales en Villanueva del Ariscal (Sevilla) &nbsp;debido a las peticiones para realizar este curso y poder optar a ser juez oficial en FAFF. Download QR<\/p>\n","protected":false},"author":3,"featured_media":0,"comment_status":"open","ping_status":"closed","sticky":false,"template":"","format":"standard","meta":{"_monsterinsights_skip_tracking":false,"_monsterinsights_sitenote_active":false,"_monsterinsights_sitenote_note":"","_monsterinsights_sitenote_category":0,"footnotes":""},"categories":[72],"tags":[],"class_list":["post-5079","post","type-post","status-publish","format-standard","hentry","category-faff-ifbb-andalucia"],"_links":{"self":[{"href":"https:\/\/fisicos21.com\/index.php?rest_route=\/wp\/v2\/posts\/5079","targetHints":{"allow":["GET"]}}],"collection":[{"href":"https:\/\/fisicos21.com\/index.php?rest_route=\/wp\/v2\/posts"}],"about":[{"href":"https:\/\/fisicos21.com\/index.php?rest_route=\/wp\/v2\/types\/post"}],"author":[{"embeddable":true,"href":"https:\/\/fisicos21.com\/index.php?rest_route=\/wp\/v2\/users\/3"}],"replies":[{"embeddable":true,"href":"https:\/\/fisicos21.com\/index.php?rest_route=%2Fwp%2Fv2%2Fcomments&post=5079"}],"version-history":[{"count":0,"href":"https:\/\/fisicos21.com\/index.php?rest_route=\/wp\/v2\/posts\/5079\/revisions"}],"wp:attachment":[{"href":"https:\/\/fisicos21.com\/index.php?rest_route=%2Fwp%2Fv2%2Fmedia&parent=5079"}],"wp:term":[{"taxonomy":"category","embeddable":true,"href":"https:\/\/fisicos21.com\/index.php?rest_route=%2Fwp%2Fv2%2Fcategories&post=5079"},{"taxonomy":"post_tag","embeddable":true,"href":"https:\/\/fisicos21.com\/index.php?rest_route=%2Fwp%2Fv2%2Ftags&post=5079"}],"curies":[{"name":"wp","href":"https:\/\/api.w.org\/{rel}","templated":true}]}}