{"id":3742,"date":"2012-10-21T23:00:00","date_gmt":"2012-10-21T23:00:00","guid":{"rendered":"http:\/\/fisicos21.com\/?p=3742"},"modified":"2012-10-21T23:00:00","modified_gmt":"2012-10-21T23:00:00","slug":"xxv-cto-extremadura-feff-2012","status":"publish","type":"post","link":"https:\/\/fisicos21.com\/?p=3742","title":{"rendered":"XXV Cto Extremadura FEFF 2012"},"content":{"rendered":"<p style=\"font-family: Tahoma, Arial, Tahoma, Verdana; color: #212121; line-height: 17px; font-size: 11px; background-color: #ffffff;\"><img decoding=\"async\" style=\"margin: 5px; float: left;\" src=\"http:\/\/ifbbspain.com\/images\/stories\/noticias\/general\/2012\/cextre1.jpg\" width=\"70\" height=\" \" alt=\"cextre1\" \/><\/p>\n<h4><strong>XXV Cto Extremadura FEFF 2012+Open Interregional 3500\u20ac<\/strong><\/h4>\n<p style=\"font-family: Tahoma, Arial, Tahoma, Verdana; color: #212121; line-height: 17px; font-size: 11px; background-color: #ffffff;\">25\u00aa edici\u00f3n del Campeonato Regional de la Federaci\u00f3n Extreme\u00f1a de Fisicoculturismo y Fitness, que se celebra el \u00faltimo fin de semana de octubre en C\u00e1ceres. Una edici\u00f3n que repartir\u00e1 un montante de 3500 euros entre los competidores tal y como anuncia su cartel oficial del evento que acompa\u00f1amos.<\/p>\n<p><!--more--><\/p>\n<p style=\"font-family: Tahoma, Arial, Tahoma, Verdana; color: #212121; line-height: 17px; font-size: 11px; background-color: #ffffff;\" align=\"justify\">El pr\u00f3ximo d\u00eda 27 de octubre tendr\u00e1 lugar en el Pabell\u00f3n Ciudad de Plasencia de Plasencia (C\u00e1ceres. Espa\u00f1a) una nueva edici\u00f3n del Campeonato Regional de Extremadura de Fisicoculturismo y Fitness. El evento, organizado por la Federaci\u00f3n Extreme\u00f1a, espera volver a servir como punto de encuentro para el colectivo regional. Acompa\u00f1amos informaci\u00f3n b\u00e1sica y poster oficial del evento.<\/p>\n<p style=\"font-family: Tahoma, Arial, Tahoma, Verdana; color: #212121; line-height: 17px; font-size: 11px; background-color: #ffffff;\"><strong>Fecha:<\/strong> 27 de octubre de 2012<br \/><strong>Hora:<\/strong> 17:30 horas<br \/><strong>Lugar:<\/strong> Pabell\u00f3n Ciudad de Plasencia en la\u00a0Ciudad Deportiva Municipal\u00a0Plasencia (C\u00e1ceres)<br \/><strong>Premios:<\/strong> 3.500 euros en Open Interregional Andalucia, Extremadura, Castilla La Mancha y Madrid<\/p>\n<p style=\"font-family: Tahoma, Arial, Tahoma, Verdana; color: #212121; line-height: 17px; font-size: 11px; background-color: #ffffff;\">\u00a0<\/p>\n<p style=\"font-family: Tahoma, Arial, Tahoma, Verdana; color: #212121; line-height: 17px; font-size: 11px; background-color: #ffffff;\">\u00a0<\/p>\n<p style=\"font-family: Tahoma, Arial, Tahoma, Verdana; color: #212121; line-height: 17px; font-size: 11px; background-color: #ffffff;\"><img decoding=\"async\" width=\"700\" style=\"margin: 5px;\" src=\"http:\/\/ifbbspain.com\/images\/stories\/noticias\/general\/2012\/cextre.jpg\" alt=\"cextre\" \/><\/p>\n<div style=\"margin: 20px 0;\"><div class=\"qrcswholewtapper\" style=\"text-align:left;\"><div class=\"qrcprowrapper\"  id=\"qrcwraa2leds\"><div class=\"qrc_canvass\" id=\"qrc_cuttenpages_2\" style=\"display:inline-block\" data-text=\"https:\/\/fisicos21.com\/?p=3742\"><\/div><div><a download=\"XXV Cto Extremadura FEFF 2012.png\" class=\"qrcdownloads\" id=\"worign\">\r\n           <button type=\"button\" style=\"min-width:206px;background:#dddddd;color:#000;font-weight: 600;border: 1px solid #dddddd;border-radius:4px;font-size:12px;padding: 6px 0;\" class=\"uqr_code_btn\">Download QR<\/button>\r\n           <\/a><\/div><\/div><\/div><\/div>","protected":false},"excerpt":{"rendered":"<p>XXV Cto Extremadura FEFF 2012+Open Interregional 3500\u20ac 25\u00aa edici\u00f3n del Campeonato Regional de la Federaci\u00f3n Extreme\u00f1a de Fisicoculturismo y Fitness, que se celebra el \u00faltimo fin de semana de octubre en C\u00e1ceres. Una edici\u00f3n que repartir\u00e1 un montante de 3500 euros entre los competidores tal y como anuncia su cartel oficial del evento que acompa\u00f1amos. [&hellip;]<\/p>\n","protected":false},"author":3,"featured_media":0,"comment_status":"open","ping_status":"closed","sticky":false,"template":"","format":"standard","meta":{"_monsterinsights_skip_tracking":false,"_monsterinsights_sitenote_active":false,"_monsterinsights_sitenote_note":"","_monsterinsights_sitenote_category":0,"footnotes":""},"categories":[64],"tags":[],"class_list":["post-3742","post","type-post","status-publish","format-standard","hentry","category-feff-ifbb-espana"],"_links":{"self":[{"href":"https:\/\/fisicos21.com\/index.php?rest_route=\/wp\/v2\/posts\/3742","targetHints":{"allow":["GET"]}}],"collection":[{"href":"https:\/\/fisicos21.com\/index.php?rest_route=\/wp\/v2\/posts"}],"about":[{"href":"https:\/\/fisicos21.com\/index.php?rest_route=\/wp\/v2\/types\/post"}],"author":[{"embeddable":true,"href":"https:\/\/fisicos21.com\/index.php?rest_route=\/wp\/v2\/users\/3"}],"replies":[{"embeddable":true,"href":"https:\/\/fisicos21.com\/index.php?rest_route=%2Fwp%2Fv2%2Fcomments&post=3742"}],"version-history":[{"count":0,"href":"https:\/\/fisicos21.com\/index.php?rest_route=\/wp\/v2\/posts\/3742\/revisions"}],"wp:attachment":[{"href":"https:\/\/fisicos21.com\/index.php?rest_route=%2Fwp%2Fv2%2Fmedia&parent=3742"}],"wp:term":[{"taxonomy":"category","embeddable":true,"href":"https:\/\/fisicos21.com\/index.php?rest_route=%2Fwp%2Fv2%2Fcategories&post=3742"},{"taxonomy":"post_tag","embeddable":true,"href":"https:\/\/fisicos21.com\/index.php?rest_route=%2Fwp%2Fv2%2Ftags&post=3742"}],"curies":[{"name":"wp","href":"https:\/\/api.w.org\/{rel}","templated":true}]}}