{"id":3725,"date":"2012-08-29T23:00:00","date_gmt":"2012-08-29T23:00:00","guid":{"rendered":"http:\/\/fisicos21.com\/?p=3725"},"modified":"2012-08-29T23:00:00","modified_gmt":"2012-08-29T23:00:00","slug":"preselecciones-feff-ctos-del-mundo-feff-2012","status":"publish","type":"post","link":"https:\/\/fisicos21.com\/?p=3725","title":{"rendered":"Preselecciones FEFF Ctos del Mundo FEFF 2012"},"content":{"rendered":"<h4><strong><img decoding=\"async\" style=\"margin: 4px; float: left;\" alt=\"s\" width=\"70\" src=\"http:\/\/ifbbspain.com\/images\/stories\/feff1logoweb.jpg\" \/>Preselecciones FEFF Ctos del Mundo FEFF 2012<\/strong><\/h4>\n<p>Rafael Ovejero, seleccionador nacional, nos env\u00eda un comunicado con las fechas de las preselecciones para todos los Ctos del Mundo IFBB de 2012; inclu\u00eddas las fechas tope de inscripci\u00f3n en internacionales.<\/p>\n<p>\n<br \/><!--more--><br \/>\nLa nota de prensa es:<\/p>\n<h1 style=\"font-family: Tahoma, Arial, Tahoma, Verdana; line-height: 17px; background-color: #ffffff; text-align: center;\"><span style=\"border: 0px; color: #ff0000; font-size: 12pt;\"><img loading=\"lazy\" decoding=\"async\" height=\"106\" width=\"78\" src=\"http:\/\/ifbbspain.com\/images\/stories\/feff1logoweb.jpg\" alt=\"feff1logoweb\" style=\"margin: 5px;\" \/><\/span><\/h1>\n<h1 style=\"font-family: Tahoma, Arial, Tahoma, Verdana; line-height: 17px; background-color: #ffffff; text-align: center;\"><span style=\"border: 0px; color: #ff0000; font-size: 12pt;\">IMPORTANTE PARA ATLETAS INTERNACIONALES<\/span><\/h1>\n<h1 style=\"font-family: Tahoma, Arial, Tahoma, Verdana; line-height: 17px; background-color: #ffffff; text-align: center;\"><span style=\"border: 0px; font-size: 12pt;\">COMITE TECNICO DEPORTIVO<\/span><\/h1>\n<h1 style=\"font-family: Tahoma, Arial, Tahoma, Verdana; line-height: 17px; background-color: #ffffff; text-align: center;\"><span style=\"border: 0px; font-size: 12pt;\">PRESELECCIONES CAMPEONATOS INTERNACIONALES<\/span><\/h1>\n<h1 style=\"font-family: Tahoma, Arial, Tahoma, Verdana; line-height: 17px; background-color: #ffffff; text-align: center;\"><span style=\"border: 0px; font-size: 12pt;\"> <\/span><strong style=\"border: 0px;\"> <\/strong><\/h1>\n<p style=\"font-family: Tahoma, Arial, Tahoma, Verdana; color: #212121; line-height: 17px; font-size: 11px; text-align: center; background-color: #ffffff;\"><strong style=\"border: 0px;\"><span style=\"border: 0px; font-size: 10pt;\"> Diferentes Preselecciones que tendr\u00e1n <\/span><\/strong><strong style=\"border: 0px;\"><span style=\"border: 0px; font-size: 10pt;\">lugar en la segunda <\/span><\/strong><strong style=\"border: 0px;\"><span style=\"border: 0px; font-size: 10pt;\">la\u00a0segunda\u00a0fase de la <\/span><\/strong><strong style=\"border: 0px;\"><span style=\"border: 0px; font-size: 10pt;\">Temporada 2012.<\/span><\/strong><\/p>\n<p style=\"font-family: Tahoma, Arial, Tahoma, Verdana; color: #212121; line-height: 17px; font-size: 11px; text-align: center; background-color: #ffffff;\"><strong style=\"border: 0px;\"><em style=\"border: 0px;\"> <\/em><\/strong><\/p>\n<p style=\"font-family: Tahoma, Arial, Tahoma, Verdana; color: #212121; line-height: 17px; font-size: 11px; background-color: #ffffff;\"><strong style=\"border: 0px;\"><em style=\"border: 0px;\"> <\/em><\/strong><\/p>\n<ul style=\"margin-left: 20px; border: 0px; color: #212121; font-family: Tahoma, Arial, Tahoma, Verdana; font-size: 11px; line-height: 17px; background-color: #ffffff;\">\n<li style=\"margin-left: 40px; border: 0px;\"> <strong style=\"border: 0px;\"><em style=\"border: 0px;\"><span style=\"border: 0px; color: #ff0000;\">16 de Septiembre de 2012<\/span><\/em><\/strong><\/li>\n<\/ul>\n<p style=\"font-family: Tahoma, Arial, Tahoma, Verdana; color: #212121; line-height: 17px; font-size: 11px; background-color: #ffffff;\"><strong style=\"border: 0px;\"><em style=\"border: 0px;\"><span style=\"border: 0px; color: #ff0000;\">Ciudad: Madrid<\/span><\/em><\/strong><\/p>\n<p style=\"font-family: Tahoma, Arial, Tahoma, Verdana; color: #212121; line-height: 17px; font-size: 11px; background-color: #ffffff;\"><span style=\"border: 0px; color: #ff0000;\">Lugar: (Real Canoe Nataci\u00f3n Club, Calle Pez Volador n\u00ba 30, Madrid)<\/span><\/p>\n<p style=\"font-family: Tahoma, Arial, Tahoma, Verdana; color: #212121; line-height: 17px; font-size: 11px; background-color: #ffffff;\"><span style=\"border: 0px; color: #ff0000;\">Hora 11 de la ma\u00f1ana<\/span><\/p>\n<p style=\"font-family: Tahoma, Arial, Tahoma, Verdana; color: #212121; line-height: 17px; font-size: 11px; background-color: #ffffff;\"><span style=\"border: 0px; color: #ff0000;\"> <\/span><\/p>\n<p style=\"font-family: Tahoma, Arial, Tahoma, Verdana; color: #212121; line-height: 17px; font-size: 11px; background-color: #ffffff;\"><em style=\"border: 0px;\"> <\/em><\/p>\n<ul style=\"margin-left: 20px; border: 0px; color: #212121; font-family: Tahoma, Arial, Tahoma, Verdana; font-size: 11px; line-height: 17px; background-color: #ffffff;\">\n<li style=\"margin-left: 40px; border: 0px;\"><img loading=\"lazy\" decoding=\"async\" height=\"13\" width=\"13\" src=\"file:\/\/\/C:\/DOCUME~1\/ADMINI~1\/CONFIG~1\/Temp\/msohtmlclip1\/01\/clip_image001.gif\" alt=\"*\" style=\"margin: 5px;\" \/> <em style=\"border: 0px;\">Preselecci\u00f3n para el Campeonato Mundo Femenino a celebrar en Bialistok (Polonia) del 5 al 7 de Octubre de 2012<\/em><\/li>\n<\/ul>\n<p style=\"font-family: Tahoma, Arial, Tahoma, Verdana; color: #212121; line-height: 17px; font-size: 11px; background-color: #ffffff;\"><em style=\"border: 0px;\"> <\/em><\/p>\n<ul style=\"margin-left: 20px; border: 0px; color: #212121; font-family: Tahoma, Arial, Tahoma, Verdana; font-size: 11px; line-height: 17px; background-color: #ffffff;\">\n<li style=\"margin-left: 40px; border: 0px;\"><img loading=\"lazy\" decoding=\"async\" height=\"13\" width=\"13\" src=\"file:\/\/\/C:\/DOCUME~1\/ADMINI~1\/CONFIG~1\/Temp\/msohtmlclip1\/01\/clip_image001.gif\" alt=\"*\" style=\"margin: 5px;\" \/> <em style=\"border: 0px;\">Preselecci\u00f3n para el Campeonato del Mundo de Culturismo Cl\u00e1sico a celebrar en Sof\u00eda (Bulgaria) del 26 al 28 de Octubre de 2012<\/em><\/li>\n<\/ul>\n<p style=\"font-family: Tahoma, Arial, Tahoma, Verdana; color: #212121; line-height: 17px; font-size: 11px; background-color: #ffffff;\"><em style=\"border: 0px;\"> <\/em><\/p>\n<p style=\"font-family: Tahoma, Arial, Tahoma, Verdana; color: #212121; line-height: 17px; font-size: 11px; background-color: #ffffff;\"><em style=\"border: 0px;\">Fecha l\u00edmite de inscripci\u00f3n: 9<\/em><em style=\"border: 0px;\"> de Septiembre<\/em><em style=\"border: 0px;\"> <\/em><\/p>\n<p style=\"font-family: Tahoma, Arial, Tahoma, Verdana; color: #212121; line-height: 17px; font-size: 11px; background-color: #ffffff;\"><strong style=\"border: 0px;\"><em style=\"border: 0px;\"> <\/em><\/strong><\/p>\n<p style=\"font-family: Tahoma, Arial, Tahoma, Verdana; color: #212121; line-height: 17px; font-size: 11px; background-color: #ffffff;\"><strong style=\"border: 0px;\"><em style=\"border: 0px;\"> <\/em><\/strong><\/p>\n<p style=\"font-family: Tahoma, Arial, Tahoma, Verdana; color: #212121; line-height: 17px; font-size: 11px; background-color: #ffffff;\"><strong style=\"border: 0px;\"><em style=\"border: 0px;\"> <\/em><\/strong><\/p>\n<ul style=\"margin-left: 20px; border: 0px; color: #212121; font-family: Tahoma, Arial, Tahoma, Verdana; font-size: 11px; line-height: 17px; background-color: #ffffff;\">\n<li style=\"margin-left: 40px; border: 0px;\"><span style=\"border: 0px; color: #ff0000;\"> <strong style=\"border: 0px;\"><em style=\"border: 0px;\">21 de Octubre de 2012<\/em><\/strong><\/span><\/li>\n<\/ul>\n<p style=\"font-family: Tahoma, Arial, Tahoma, Verdana; color: #212121; line-height: 17px; font-size: 11px; background-color: #ffffff;\"><strong style=\"border: 0px;\"><em style=\"border: 0px;\"><span style=\"border: 0px; color: #ff0000;\">Ciudad: Madrid<\/span><\/em><\/strong><\/p>\n<p style=\"font-family: Tahoma, Arial, Tahoma, Verdana; color: #212121; line-height: 17px; font-size: 11px; background-color: #ffffff;\"><strong style=\"border: 0px;\"><span style=\"border: 0px; color: #ff0000;\">Lugar: (Real Canoe Nataci\u00f3n Club, Calle Pez Volador n\u00ba 30, Madrid)<\/span><\/strong><\/p>\n<p style=\"font-family: Tahoma, Arial, Tahoma, Verdana; color: #212121; line-height: 17px; font-size: 11px; background-color: #ffffff;\"><strong style=\"border: 0px;\"><span style=\"border: 0px; color: #ff0000;\">Hora 11 de la ma\u00f1ana<\/span><\/strong><\/p>\n<p style=\"font-family: Tahoma, Arial, Tahoma, Verdana; color: #212121; line-height: 17px; font-size: 11px; background-color: #ffffff;\"><span style=\"border: 0px; color: #ff0000;\"> <\/span><\/p>\n<ul style=\"margin-left: 20px; border: 0px; color: #212121; font-family: Tahoma, Arial, Tahoma, Verdana; font-size: 11px; line-height: 17px; background-color: #ffffff;\">\n<li style=\"margin-left: 40px; border: 0px;\"><img loading=\"lazy\" decoding=\"async\" height=\"13\" width=\"13\" src=\"file:\/\/\/C:\/DOCUME~1\/ADMINI~1\/CONFIG~1\/Temp\/msohtmlclip1\/01\/clip_image001.gif\" alt=\"*\" style=\"margin: 5px;\" \/> <em style=\"border: 0px;\">Preselecci\u00f3n para el Campeonato del Mundo de Culturismo S\u00e9nior a celebrar en Guayaquil (Ecuador) del 6 al 11 de Noviembre de 2012<\/em><\/li>\n<\/ul>\n<p style=\"font-family: Tahoma, Arial, Tahoma, Verdana; color: #212121; line-height: 17px; font-size: 11px; background-color: #ffffff;\"><em style=\"border: 0px;\"> <\/em><\/p>\n<p style=\"font-family: Tahoma, Arial, Tahoma, Verdana; color: #212121; line-height: 17px; font-size: 11px; background-color: #ffffff;\"><em style=\"border: 0px;\"> <\/em><\/p>\n<p style=\"font-family: Tahoma, Arial, Tahoma, Verdana; color: #212121; line-height: 17px; font-size: 11px; background-color: #ffffff;\"><em style=\"border: 0px;\">Fecha l\u00edmite de inscripci\u00f3n para esta Preselecci\u00f3n: 16<\/em><em style=\"border: 0px;\"> de Octubre<\/em><em style=\"border: 0px;\"> <\/em><\/p>\n<p style=\"font-family: Tahoma, Arial, Tahoma, Verdana; color: #212121; line-height: 17px; font-size: 11px; background-color: #ffffff;\"><strong style=\"border: 0px;\"><em style=\"border: 0px;\"> <\/em><\/strong><\/p>\n<p style=\"font-family: Tahoma, Arial, Tahoma, Verdana; color: #212121; line-height: 17px; font-size: 11px; background-color: #ffffff;\"><strong style=\"border: 0px;\"><em style=\"border: 0px;\"> <\/em><\/strong><\/p>\n<p style=\"font-family: Tahoma, Arial, Tahoma, Verdana; color: #212121; line-height: 17px; font-size: 11px; background-color: #ffffff;\"><strong style=\"border: 0px;\"><em style=\"border: 0px;\"> <\/em><\/strong><\/p>\n<p style=\"font-family: Tahoma, Arial, Tahoma, Verdana; color: #212121; line-height: 17px; font-size: 11px; background-color: #ffffff;\"><strong style=\"border: 0px;\"><em style=\"border: 0px;\"> <\/em><\/strong><\/p>\n<p style=\"font-family: Tahoma, Arial, Tahoma, Verdana; color: #212121; line-height: 17px; font-size: 11px; background-color: #ffffff;\"><strong style=\"border: 0px;\"><em style=\"border: 0px;\"><span style=\"border: 0px; color: #ff0000;\">11 de Noviembre de 2012<\/span><\/em><\/strong><\/p>\n<p style=\"font-family: Tahoma, Arial, Tahoma, Verdana; color: #212121; line-height: 17px; font-size: 11px; background-color: #ffffff;\"><strong style=\"border: 0px;\"><em style=\"border: 0px;\"><span style=\"border: 0px; color: #ff0000;\">Ciudad: Madrid<\/span><\/em><\/strong><\/p>\n<p style=\"font-family: Tahoma, Arial, Tahoma, Verdana; color: #212121; line-height: 17px; font-size: 11px; background-color: #ffffff;\"><strong style=\"border: 0px;\"><span style=\"border: 0px; color: #ff0000;\">Lugar: (Real Canoe Nataci\u00f3n Club, Calle Pez Volador n\u00ba 30, Madrid)<\/span><\/strong><\/p>\n<p style=\"font-family: Tahoma, Arial, Tahoma, Verdana; color: #212121; line-height: 17px; font-size: 11px; background-color: #ffffff;\"><strong style=\"border: 0px;\"><span style=\"border: 0px; color: #ff0000;\">Hora 11 de la ma\u00f1ana<\/span><\/strong><\/p>\n<p style=\"font-family: Tahoma, Arial, Tahoma, Verdana; color: #212121; line-height: 17px; font-size: 11px; background-color: #ffffff;\"><em style=\"border: 0px;\"> <\/em><\/p>\n<ul style=\"margin-left: 20px; border: 0px; color: #212121; font-family: Tahoma, Arial, Tahoma, Verdana; font-size: 11px; line-height: 17px; background-color: #ffffff;\">\n<li style=\"margin-left: 40px; border: 0px;\"><img loading=\"lazy\" decoding=\"async\" height=\"13\" width=\"13\" src=\"file:\/\/\/C:\/DOCUME~1\/ADMINI~1\/CONFIG~1\/Temp\/msohtmlclip1\/01\/clip_image001.gif\" alt=\"*\" style=\"margin: 5px;\" \/> <em style=\"border: 0px;\">Preselecci\u00f3n para el Campeonato del Mundo Junior y M\u00e1ster a celebrar en Budapest (Hungr\u00eda) del 15 al 17 de Diciembre de 2012<\/em><\/li>\n<\/ul>\n<p style=\"font-family: Tahoma, Arial, Tahoma, Verdana; color: #212121; line-height: 17px; font-size: 11px; background-color: #ffffff;\"><em style=\"border: 0px;\"> <\/em><\/p>\n<p style=\"font-family: Tahoma, Arial, Tahoma, Verdana; color: #212121; line-height: 17px; font-size: 11px; background-color: #ffffff;\"><em style=\"border: 0px;\">Fecha l\u00edmite de inscripci\u00f3n: <\/em><em style=\"border: 0px;\">29 de Octubre<\/em><em style=\"border: 0px;\"> <\/em><\/p>\n<p style=\"font-family: Tahoma, Arial, Tahoma, Verdana; color: #212121; line-height: 17px; font-size: 11px; background-color: #ffffff;\"><strong style=\"border: 0px;\"><span style=\"border: 0px; text-decoration: underline;\">IMPORTANTE<\/span><\/strong><\/p>\n<p style=\"font-family: Tahoma, Arial, Tahoma, Verdana; color: #212121; line-height: 17px; font-size: 11px; background-color: #ffffff;\"><strong style=\"border: 0px;\"> <\/strong><\/p>\n<p style=\"font-family: Tahoma, Arial, Tahoma, Verdana; color: #212121; line-height: 17px; font-size: 11px; background-color: #ffffff;\">Todos los atletas que quieran formar parte del Equipo Nacional est\u00e1n\u00a0<strong style=\"border: 0px;\"><em style=\"border: 0px;\">obligados <\/em><\/strong> a pasar por sus respectivas Preselecciones, para formar parte de estas,\u00a0<strong style=\"border: 0px;\">deber\u00e1n tramitar su inscripci\u00f3n a trav\u00e9s del Presidente de la Territorial de procedencia del atleta, no se aceptara ninguna inscripci\u00f3n de cualquier otro modo, para ello cada atleta deber\u00e1 detallar en la ficha, el Campeonato al que opta ser Seleccionado antes de la fecha limite,\u00a0 con lo que no se aceptara ninguna inscripci\u00f3n el d\u00eda de la Preselecci\u00f3n<\/strong><\/p>\n<p style=\"font-family: Tahoma, Arial, Tahoma, Verdana; color: #212121; line-height: 17px; font-size: 11px; background-color: #ffffff;\"><strong style=\"border: 0px;\"><span style=\"border: 0px; text-decoration: underline;\">Nota Recordatorio<\/span><\/strong><\/p>\n<p style=\"font-family: Tahoma, Arial, Tahoma, Verdana; color: #212121; line-height: 17px; font-size: 11px; background-color: #ffffff;\">Como ya se ha comunicado en diferentes medios informativos, en el pasado congreso Nacional del 22 de Enero de 2011, se aprobaron algunos cambios en la normativa, entre ellos, uno que implica directamente y es de especial relevancia para todos aquellos atletas que deseen representar a Espa\u00f1a en Campeonatos Internacionales durante la\u00a0 Temporada 2012, a continuaci\u00f3n y a modo de recapitulaci\u00f3n volvemos a reincidir en\u00a0 dicho punto:<\/p>\n<ul style=\"margin-left: 20px; border: 0px; color: #212121; font-family: Tahoma, Arial, Tahoma, Verdana; font-size: 11px; line-height: 17px; background-color: #ffffff;\">\n<li style=\"margin-left: 40px; border: 0px;\">v Para poder participar en\u00a0<strong style=\"border: 0px;\">cualquier evento Internacional,<\/strong> <strong style=\"border: 0px;\"><em style=\"border: 0px;\">ser\u00e1 imprescindible<\/em><\/strong> tener como m\u00ednimo una antig\u00fcedad de dos licencias anuales consecutivas.<\/li>\n<\/ul>\n<p style=\"font-family: Tahoma, Arial, Tahoma, Verdana; color: #212121; line-height: 17px; font-size: 11px; background-color: #ffffff;\">Resumen: Para participar en cualquier evento Internacional en la Temporada 2012, hay que tener en posesi\u00f3n la licencia FEFF del a\u00f1o 2011.<\/p>\n<p style=\"font-family: Tahoma, Arial, Tahoma, Verdana; color: #212121; line-height: 17px; font-size: 11px; background-color: #ffffff;\"><strong style=\"border: 0px;\"> <\/strong><\/p>\n<p style=\"font-family: Tahoma, Arial, Tahoma, Verdana; color: #212121; line-height: 17px; font-size: 11px; background-color: #ffffff;\"><strong style=\"border: 0px;\"><em style=\"border: 0px;\"> <\/em><\/strong><\/p>\n<p style=\"font-family: Tahoma, Arial, Tahoma, Verdana; color: #212121; line-height: 17px; font-size: 11px; background-color: #ffffff;\"><strong style=\"border: 0px;\"><em style=\"border: 0px;\"> <\/em><\/strong><\/p>\n<p style=\"font-family: Tahoma, Arial, Tahoma, Verdana; color: #212121; line-height: 17px; font-size: 11px; background-color: #ffffff;\"><strong style=\"border: 0px;\"><em style=\"border: 0px;\">Informaci\u00f3n:<\/em><\/strong><\/p>\n<p style=\"font-family: Tahoma, Arial, Tahoma, Verdana; color: #212121; line-height: 17px; font-size: 11px; background-color: #ffffff;\">Comit\u00e9 T\u00e9cnico Deportivo<\/p>\n<p style=\"font-family: Tahoma, Arial, Tahoma, Verdana; color: #212121; line-height: 17px; font-size: 11px; background-color: #ffffff;\">Correo electr\u00f3nico:\u00a0<a href=\"mailto:rafa@rafaovejero.com\" style=\"border: 0px; color: #212121;\">rafa@rafaovejero.com<\/a><\/p>\n<p style=\"font-family: Tahoma, Arial, Tahoma, Verdana; color: #212121; line-height: 17px; font-size: 11px; background-color: #ffffff;\">Tel\u00e9fono: 637 20 47 13<\/p>\n<div style=\"margin: 20px 0;\"><div class=\"qrcswholewtapper\" style=\"text-align:left;\"><div class=\"qrcprowrapper\"  id=\"qrcwraa2leds\"><div class=\"qrc_canvass\" id=\"qrc_cuttenpages_2\" style=\"display:inline-block\" data-text=\"https:\/\/fisicos21.com\/?p=3725\"><\/div><div><a download=\"Preselecciones FEFF Ctos del Mundo FEFF 2012.png\" class=\"qrcdownloads\" id=\"worign\">\r\n           <button type=\"button\" style=\"min-width:206px;background:#dddddd;color:#000;font-weight: 600;border: 1px solid #dddddd;border-radius:4px;font-size:12px;padding: 6px 0;\" class=\"uqr_code_btn\">Download QR<\/button>\r\n           <\/a><\/div><\/div><\/div><\/div>","protected":false},"excerpt":{"rendered":"<p>Preselecciones FEFF Ctos del Mundo FEFF 2012 Rafael Ovejero, seleccionador nacional, nos env\u00eda un comunicado con las fechas de las preselecciones para todos los Ctos del Mundo IFBB de 2012; inclu\u00eddas las fechas tope de inscripci\u00f3n en internacionales. Download QR<\/p>\n","protected":false},"author":3,"featured_media":0,"comment_status":"open","ping_status":"closed","sticky":false,"template":"","format":"standard","meta":{"_monsterinsights_skip_tracking":false,"_monsterinsights_sitenote_active":false,"_monsterinsights_sitenote_note":"","_monsterinsights_sitenote_category":0,"footnotes":""},"categories":[64],"tags":[],"class_list":["post-3725","post","type-post","status-publish","format-standard","hentry","category-feff-ifbb-espana"],"_links":{"self":[{"href":"https:\/\/fisicos21.com\/index.php?rest_route=\/wp\/v2\/posts\/3725","targetHints":{"allow":["GET"]}}],"collection":[{"href":"https:\/\/fisicos21.com\/index.php?rest_route=\/wp\/v2\/posts"}],"about":[{"href":"https:\/\/fisicos21.com\/index.php?rest_route=\/wp\/v2\/types\/post"}],"author":[{"embeddable":true,"href":"https:\/\/fisicos21.com\/index.php?rest_route=\/wp\/v2\/users\/3"}],"replies":[{"embeddable":true,"href":"https:\/\/fisicos21.com\/index.php?rest_route=%2Fwp%2Fv2%2Fcomments&post=3725"}],"version-history":[{"count":0,"href":"https:\/\/fisicos21.com\/index.php?rest_route=\/wp\/v2\/posts\/3725\/revisions"}],"wp:attachment":[{"href":"https:\/\/fisicos21.com\/index.php?rest_route=%2Fwp%2Fv2%2Fmedia&parent=3725"}],"wp:term":[{"taxonomy":"category","embeddable":true,"href":"https:\/\/fisicos21.com\/index.php?rest_route=%2Fwp%2Fv2%2Fcategories&post=3725"},{"taxonomy":"post_tag","embeddable":true,"href":"https:\/\/fisicos21.com\/index.php?rest_route=%2Fwp%2Fv2%2Ftags&post=3725"}],"curies":[{"name":"wp","href":"https:\/\/api.w.org\/{rel}","templated":true}]}}