{"id":3388,"date":"2010-02-19T11:08:56","date_gmt":"2010-02-19T11:08:56","guid":{"rendered":"http:\/\/fisicos21.com\/?p=3388"},"modified":"2010-02-19T11:08:56","modified_gmt":"2010-02-19T11:08:56","slug":"curso-jueces-y-reciclaje-baleares-2010","status":"publish","type":"post","link":"https:\/\/fisicos21.com\/?p=3388","title":{"rendered":"Curso Jueces y Reciclaje; Baleares 2010"},"content":{"rendered":"<h4><span style=\"font-weight: 800;\"><img decoding=\"async\" style=\"float: left; margin: 4px;\" width=\"70\" src=\"https:\/\/fisicos21.com\/images\/Imagenes%20de%20noticias.\/Logos\/ifbbbaleares.jpg\" alt=\"abbf\" \/><\/span><strong>Curso Jueces y reciclaje; Baleares 27 feb 2010<\/strong><\/h4>\n<p>Aprovechando la asamblea electoral que el pr\u00f3ximo s\u00e1bado 27 de febrero se realizar\u00e1 con motivo de las votaciones a presidente de IFBB Baleares, y en horario de 18.30 a 20.30 se realizar\u00e1 un curso para nuevos jueces y otro obligatorio para los que ya son jueces. Los detalles a continuaci\u00f3n:<\/p>\n<p>\u00a0<\/p>\n<p><!--more--><\/p>\n<p>\u00a0<\/p>\n<p>La territorial Balear de IFBB desarrolla este curso para que los jueces est\u00e9n capacitados para ser elegibles en los campeonatos IFBB 2010. Para ofrecer a\u00fan m\u00e1s la integraci\u00f3n y el entendimiento de las normas se ha decidido hacer este curso abierto para ENTRENADORES, COMPETIDORES y SIMPATIZANTES de la territorial Balear. De esta manera se ofrece la oportunidad a todos de pedir las aclaraciones pertinentes al mismo ponente, el presidente del comit\u00e9 de Competici\u00f3n nacional, Diego Villegas; que ofrecer\u00e1 por tanto un testimonio de primera mano, algo que no suele suceder siempre.<\/p>\n<p>\u00a0<\/p>\n<p>Los datos a tener en cuenta son:<\/p>\n<p>Fecha: s\u00e1bado 27 de febrero 2010 <br \/>Horario: 18.30 a 20.30 horas<br \/>L<span style=\"font-family: arial, helvetica, sans-serif;\">ugar: <\/span><span style=\"background-image: initial; background-attachment: initial; background-origin: initial; background-clip: initial; background-color: #ffffcc; background-position: initial initial; background-repeat: initial initial;\"><span style=\"font-family: arial, helvetica, sans-serif;\">Club<\/span><\/span><span style=\"font-family: arial, helvetica, sans-serif;\"> de T<\/span><span style=\"background-image: initial; background-attachment: initial; background-origin: initial; background-clip: initial; background-color: #ffffcc; background-position: initial initial; background-repeat: initial initial;\"><span style=\"font-family: arial, helvetica, sans-serif;\">enis<\/span><\/span><span style=\"font-family: arial, helvetica, sans-serif;\"> Arenal; Son Veri en el Arenal ( sala de actos sociales9<br \/>Ponente: Diego Villegas Mart\u00edn, presidente Comit\u00e9 Competici\u00f3n Nacional<br \/>Precios:<\/span><\/p>\n<ul>\n<li><span style=\"font-family: arial, helvetica, sans-serif;\">Curso reciclaje para jueces en activo : GRATIS<\/span><\/li>\n<li><span style=\"font-family: arial, helvetica, sans-serif;\">Curso para aspirantes a jueces regionales: 120 euros; examen a realizar por parte del comit\u00e9 local en fecha posterior<\/span><\/li>\n<li><span style=\"font-family: arial, helvetica, sans-serif;\">Para oyentes (Entrenadores, competidores, aficionados etc&#8230;) 5 euros<\/span>.<\/li>\n<\/ul>\n<p>\u00a0<\/p>\n<p>Para inscripciones a jueces regionales: \u00a0626 33 70 98<\/p>\n<p>\u00a0<\/p>\n<p>\u00a0<\/p>\n<p><small><a href=\"http:\/\/maps.google.es\/maps?hl=es&amp;source=embed&amp;q=Club+de+tenis+Arenal+Son+Veri&amp;ie=UTF8&amp;hq=Club+de+tenis+Arenal+Son+Veri&amp;hnear=&amp;radius=15000&amp;cid=16886737117015123673&amp;ll=39.50914,2.755508&amp;spn=0.004007,0.009645&amp;iwloc=A\" style=\"color:#0000FF;text-align:left\">Ver mapa m\u00e1s grande<\/a><\/small><\/p>\n<div style=\"margin: 20px 0;\"><div class=\"qrcswholewtapper\" style=\"text-align:left;\"><div class=\"qrcprowrapper\"  id=\"qrcwraa2leds\"><div class=\"qrc_canvass\" id=\"qrc_cuttenpages_2\" style=\"display:inline-block\" data-text=\"https:\/\/fisicos21.com\/?p=3388\"><\/div><div><a download=\"Curso Jueces y Reciclaje; Baleares 2010.png\" class=\"qrcdownloads\" id=\"worign\">\r\n           <button type=\"button\" style=\"min-width:206px;background:#dddddd;color:#000;font-weight: 600;border: 1px solid #dddddd;border-radius:4px;font-size:12px;padding: 6px 0;\" class=\"uqr_code_btn\">Download QR<\/button>\r\n           <\/a><\/div><\/div><\/div><\/div>","protected":false},"excerpt":{"rendered":"<p>Curso Jueces y reciclaje; Baleares 27 feb 2010 Aprovechando la asamblea electoral que el pr\u00f3ximo s\u00e1bado 27 de febrero se realizar\u00e1 con motivo de las votaciones a presidente de IFBB Baleares, y en horario de 18.30 a 20.30 se realizar\u00e1 un curso para nuevos jueces y otro obligatorio para los que ya son jueces. Los [&hellip;]<\/p>\n","protected":false},"author":3,"featured_media":0,"comment_status":"open","ping_status":"closed","sticky":false,"template":"","format":"standard","meta":{"_monsterinsights_skip_tracking":false,"_monsterinsights_sitenote_active":false,"_monsterinsights_sitenote_note":"","_monsterinsights_sitenote_category":0,"footnotes":""},"categories":[64],"tags":[],"class_list":["post-3388","post","type-post","status-publish","format-standard","hentry","category-feff-ifbb-espana"],"_links":{"self":[{"href":"https:\/\/fisicos21.com\/index.php?rest_route=\/wp\/v2\/posts\/3388","targetHints":{"allow":["GET"]}}],"collection":[{"href":"https:\/\/fisicos21.com\/index.php?rest_route=\/wp\/v2\/posts"}],"about":[{"href":"https:\/\/fisicos21.com\/index.php?rest_route=\/wp\/v2\/types\/post"}],"author":[{"embeddable":true,"href":"https:\/\/fisicos21.com\/index.php?rest_route=\/wp\/v2\/users\/3"}],"replies":[{"embeddable":true,"href":"https:\/\/fisicos21.com\/index.php?rest_route=%2Fwp%2Fv2%2Fcomments&post=3388"}],"version-history":[{"count":0,"href":"https:\/\/fisicos21.com\/index.php?rest_route=\/wp\/v2\/posts\/3388\/revisions"}],"wp:attachment":[{"href":"https:\/\/fisicos21.com\/index.php?rest_route=%2Fwp%2Fv2%2Fmedia&parent=3388"}],"wp:term":[{"taxonomy":"category","embeddable":true,"href":"https:\/\/fisicos21.com\/index.php?rest_route=%2Fwp%2Fv2%2Fcategories&post=3388"},{"taxonomy":"post_tag","embeddable":true,"href":"https:\/\/fisicos21.com\/index.php?rest_route=%2Fwp%2Fv2%2Ftags&post=3388"}],"curies":[{"name":"wp","href":"https:\/\/api.w.org\/{rel}","templated":true}]}}