{"id":3387,"date":"2010-02-18T12:50:20","date_gmt":"2010-02-18T12:50:20","guid":{"rendered":"http:\/\/fisicos21.com\/?p=3387"},"modified":"2010-02-18T12:50:20","modified_gmt":"2010-02-18T12:50:20","slug":"cambio-fechas-ctos-ifbb-castilla-leon-2010","status":"publish","type":"post","link":"https:\/\/fisicos21.com\/?p=3387","title":{"rendered":"Cambio fechas Ctos IFBB Castilla Le\u00f3n 2010"},"content":{"rendered":"<h4><strong><img decoding=\"async\" style=\"margin-top: 4px; margin-right: 10px; margin-bottom: 4px; margin-left: 4px; float: left; padding: 0px; border: initial none initial;\" src=\"..\/images\/Imagenes%20de%20noticias.\/Rostros\/VictorMhernandez.jpg\" height=\"NaN\" width=\"070\" alt=\"victor\" \/>Cambio de fechas de ctos en Castilla Le\u00f3n IFBB 2010<\/strong><\/h4>\n<p>Ajustes de \u00faltima hora han hecho oscilar algunas de las fechas que en primera instancia se ofrecieron sobre ciertos campeonatos que la territorial castellanoleonesa de la Federaci\u00f3n Espa\u00f1ola de Fisicoculturismo y Fitness ofreci\u00f3 en a asamblea nacional de donde arrancaron las fechas de las citas competitivas para el calendario 2010.<\/p>\n<p><!--more--><\/p>\n<p style=\"color: #ffffff; line-height: 13.55pt; font-size: 11px; text-align: justify; margin-top: 0cm; margin-right: 0cm; margin-bottom: 13pt; margin-left: 0cm;\"><span style=\"color: #000000;\"><span style=\"font-size: small;\"><br \/><\/span><\/span><\/p>\n<p style=\"color: #ffffff; line-height: 13.55pt; font-size: 11px; text-align: justify; margin-top: 0cm; margin-right: 0cm; margin-bottom: 13pt; margin-left: 0cm;\"><span style=\"color: black; padding: 0px; margin: 0px; border: 0px initial initial;\"><span style=\"font-size: small; padding: 0px; margin: 0px;\"><span style=\"padding: 0px; margin: 0px; border: 0px initial initial;\"><span style=\"padding: 0px; margin: 0px;\"><span style=\"color: #000000;\"><span style=\"font-size: 10pt;\"><span style=\"font-family: arial, helvetica, sans-serif;\">Estimados compa\u00f1eros,<\/span><\/span><\/span><\/span><span style=\"color: #000000;\"><span style=\"font-size: 10pt;\"><span style=\"font-family: arial, helvetica, sans-serif;\"><o:p><\/o:p><\/span><\/span><\/span><\/span><\/span><\/span><\/p>\n<p><span style=\"color: #000000;\"><span style=\"font-size: 10pt;\"><span style=\"font-family: arial, helvetica, sans-serif;\"> <\/span><\/span><\/span><\/p>\n<p style=\"color: #ffffff; line-height: 13.55pt; font-size: 11px; text-align: justify; margin-top: 0cm; margin-right: 0cm; margin-bottom: 13pt; margin-left: 0cm;\"><span style=\"color: #ffffff; padding: 0px; margin: 0px; border: 0px initial initial;\"><span style=\"padding: 0px; margin: 0px; border: 0px initial initial;\"><span style=\"font-size: small; padding: 0px; margin: 0px;\"><span style=\"padding: 0px; margin: 0px; border: 0px initial initial;\"><span style=\"color: #000000;\"><span style=\"font-size: 10pt;\"><span style=\"font-family: arial, helvetica, sans-serif;\">Por la presente\u00a0se informa del cambio de fechas al que nos hemos visto obligados a realizar debido a motivos de disponibilidad de los Teatros.<\/span><\/span><\/span><\/span><\/span><\/span><\/span><span style=\"color: black; padding: 0px; margin: 0px; border: 0px initial initial;\"><span style=\"font-size: small; padding: 0px; margin: 0px;\"><span style=\"padding: 0px; margin: 0px; border: 0px initial initial;\"><span style=\"color: #000000;\"><span style=\"font-size: 10pt;\"><span style=\"font-family: arial, helvetica, sans-serif;\"><o:p><\/o:p><\/span><\/span><\/span><\/span><\/span><\/span><\/p>\n<p><span style=\"color: #000000;\"><span style=\"font-size: 10pt;\"><span style=\"font-family: arial, helvetica, sans-serif;\"> <\/span><\/span><\/span><\/p>\n<p style=\"color: #ffffff; line-height: 13.55pt; font-size: 11px; text-align: justify; margin-top: 0cm; margin-right: 0cm; margin-bottom: 13pt; margin-left: 0cm;\"><span style=\"color: #ffffff; padding: 0px; margin: 0px; border: 0px initial initial;\"><span style=\"padding: 0px; margin: 0px; border: 0px initial initial;\"><span style=\"font-size: small; padding: 0px; margin: 0px;\"><span style=\"padding: 0px; margin: 0px; border: 0px initial initial;\"><span style=\"color: #000000;\"><span style=\"font-size: 10pt;\"><span style=\"font-family: arial, helvetica, sans-serif;\">De este modo, el <\/span><\/span><\/span><strong><span style=\"color: #000000;\"><span style=\"font-size: 10pt;\"><span style=\"font-family: arial, helvetica, sans-serif;\">Campeonato de F\u00edsicoculturismo y Fitness de Castilla y Le\u00f3n 2010, tendr\u00e1 lugar el s\u00e1bado 10 de abril de 2010, <\/span><\/span><\/span><\/strong><span style=\"color: #000000;\"><span style=\"font-size: 10pt;\"><span style=\"font-family: arial, helvetica, sans-serif;\">en el Teatro de la Sala Borja de Valladolid y el <\/span><\/span><\/span><strong><span style=\"color: #000000;\"><span style=\"font-size: 10pt;\"><span style=\"font-family: arial, helvetica, sans-serif;\">VI Campeonato Provincial de F\u00edsicoculturismo y Fitness de \u00c1vila y Categor\u00eda Interprovincial 2010, se celebrar\u00e1 el s\u00e1bado 17 de abril de 2010, <\/span><\/span><\/span><\/strong><span style=\"color: #000000;\"><span style=\"font-size: 10pt;\"><span style=\"font-family: arial, helvetica, sans-serif;\">en el sal\u00f3n de actos del IES Isabel de Castilla de \u00c1vila.<\/span><\/span><\/span><\/span><\/span><\/span><\/span><span style=\"color: black; padding: 0px; margin: 0px; border: 0px initial initial;\"><span style=\"font-size: small; padding: 0px; margin: 0px;\"><span style=\"padding: 0px; margin: 0px; border: 0px initial initial;\"><span style=\"color: #000000;\"><span style=\"font-size: 10pt;\"><span style=\"font-family: arial, helvetica, sans-serif;\"><o:p><\/o:p><\/span><\/span><\/span><\/span><\/span><\/span><\/p>\n<p><span style=\"color: #000000;\"><span style=\"font-size: 10pt;\"><span style=\"font-family: arial, helvetica, sans-serif;\"> <\/span><\/span><\/span><\/p>\n<p style=\"color: #ffffff; line-height: 17px; font-size: 11px; text-align: justify; margin-top: 0cm; margin-right: 0cm; margin-bottom: 94.5pt; margin-left: 0cm;\"><span style=\"color: #ffffff; padding: 0px; margin: 0px; border: 0px initial initial;\"><span style=\"padding: 0px; margin: 0px; border: 0px initial initial;\"><span style=\"font-size: small; padding: 0px; margin: 0px;\"><span style=\"padding: 0px; margin: 0px; border: 0px initial initial;\"><span style=\"color: #000000;\"><span style=\"font-size: 10pt;\"><span style=\"font-family: arial, helvetica, sans-serif;\">Rogamos disculpen los problemas que estos cambios puedan ocasionar.\u00a0<\/p>\n<p><\/span><\/span><\/span><\/span><\/span><\/span><span style=\"font-size: small; padding: 0px; margin: 0px;\"><span style=\"padding: 0px; margin: 0px; border: 0px initial initial;\"><strong><span style=\"padding: 0px; margin: 0px; border: 0px initial initial;\"><span style=\"color: #000000;\"><span style=\"font-size: 10pt;\"><span style=\"font-family: arial, helvetica, sans-serif;\">Atentamente:\u00a0<\/p>\n<p><\/span><\/span><\/span><\/span><\/strong><\/span><\/span><strong><span style=\"padding: 0px; margin: 0px; border: 0px initial initial;\"><span style=\"font-size: small; padding: 0px; margin: 0px;\"><span style=\"color: #000000;\"><span style=\"font-size: 10pt;\"><span style=\"font-family: arial, helvetica, sans-serif;\">V\u00edctor Manuel Hern\u00e1ndez Rodr\u00edguez Presidente Delegaci\u00f3n Territorial Castilla y Le\u00f3n FEFF\/IFBB Espa\u00f1a<\/span><\/span><\/span><\/span><\/span><\/strong><\/span><\/p>\n<div><span style=\"-webkit-border-horizontal-spacing: 2px; -webkit-border-vertical-spacing: 2px;\"><br \/><\/span><\/div>\n<div style=\"margin: 20px 0;\"><div class=\"qrcswholewtapper\" style=\"text-align:left;\"><div class=\"qrcprowrapper\"  id=\"qrcwraa2leds\"><div class=\"qrc_canvass\" id=\"qrc_cuttenpages_2\" style=\"display:inline-block\" data-text=\"https:\/\/fisicos21.com\/?p=3387\"><\/div><div><a download=\"Cambio fechas Ctos IFBB Castilla Le\u00f3n 2010.png\" class=\"qrcdownloads\" id=\"worign\">\r\n           <button type=\"button\" style=\"min-width:206px;background:#dddddd;color:#000;font-weight: 600;border: 1px solid #dddddd;border-radius:4px;font-size:12px;padding: 6px 0;\" class=\"uqr_code_btn\">Download QR<\/button>\r\n           <\/a><\/div><\/div><\/div><\/div>","protected":false},"excerpt":{"rendered":"<p>Cambio de fechas de ctos en Castilla Le\u00f3n IFBB 2010 Ajustes de \u00faltima hora han hecho oscilar algunas de las fechas que en primera instancia se ofrecieron sobre ciertos campeonatos que la territorial castellanoleonesa de la Federaci\u00f3n Espa\u00f1ola de Fisicoculturismo y Fitness ofreci\u00f3 en a asamblea nacional de donde arrancaron las fechas de las citas [&hellip;]<\/p>\n","protected":false},"author":3,"featured_media":0,"comment_status":"open","ping_status":"closed","sticky":false,"template":"","format":"standard","meta":{"_monsterinsights_skip_tracking":false,"_monsterinsights_sitenote_active":false,"_monsterinsights_sitenote_note":"","_monsterinsights_sitenote_category":0,"footnotes":""},"categories":[64],"tags":[],"class_list":["post-3387","post","type-post","status-publish","format-standard","hentry","category-feff-ifbb-espana"],"_links":{"self":[{"href":"https:\/\/fisicos21.com\/index.php?rest_route=\/wp\/v2\/posts\/3387","targetHints":{"allow":["GET"]}}],"collection":[{"href":"https:\/\/fisicos21.com\/index.php?rest_route=\/wp\/v2\/posts"}],"about":[{"href":"https:\/\/fisicos21.com\/index.php?rest_route=\/wp\/v2\/types\/post"}],"author":[{"embeddable":true,"href":"https:\/\/fisicos21.com\/index.php?rest_route=\/wp\/v2\/users\/3"}],"replies":[{"embeddable":true,"href":"https:\/\/fisicos21.com\/index.php?rest_route=%2Fwp%2Fv2%2Fcomments&post=3387"}],"version-history":[{"count":0,"href":"https:\/\/fisicos21.com\/index.php?rest_route=\/wp\/v2\/posts\/3387\/revisions"}],"wp:attachment":[{"href":"https:\/\/fisicos21.com\/index.php?rest_route=%2Fwp%2Fv2%2Fmedia&parent=3387"}],"wp:term":[{"taxonomy":"category","embeddable":true,"href":"https:\/\/fisicos21.com\/index.php?rest_route=%2Fwp%2Fv2%2Fcategories&post=3387"},{"taxonomy":"post_tag","embeddable":true,"href":"https:\/\/fisicos21.com\/index.php?rest_route=%2Fwp%2Fv2%2Ftags&post=3387"}],"curies":[{"name":"wp","href":"https:\/\/api.w.org\/{rel}","templated":true}]}}