{"id":3352,"date":"2009-11-17T00:00:00","date_gmt":"2009-11-17T00:00:00","guid":{"rendered":"http:\/\/fisicos21.com\/?p=3352"},"modified":"2009-11-17T00:00:00","modified_gmt":"2009-11-17T00:00:00","slug":"elecciones-en-ifbb-canarias-2009","status":"publish","type":"post","link":"https:\/\/fisicos21.com\/?p=3352","title":{"rendered":"Elecciones en IFBB Canarias 2009"},"content":{"rendered":"<h4><img decoding=\"async\" style=\"float: left;\" alt=\"ifbb canarias\" src=\"http:\/\/www.canarymuscle.com\/images\/stories\/cartel.png\" width=\"70\" \/>Elecciones en IFBB Canarias 2009<\/h4>\n<p>Este a\u00f1o 2009 se cumple el periodo electoral de cuatro a\u00f1os en lo que a la presidencia de la territorial canaria se refiere. As\u00ed que en los pr\u00f3ximos meses hasta final de a\u00f1o se abre un periodo electoral que culminar\u00e1 en la Asamblea Regional del pr\u00f3ximo 19 de diciembre, en la que se proceder\u00e1 a la votaci\u00f3n para la presidencia a partir del 1 de enero. Acompa\u00f1amos los datos referentes a todo el proceso as\u00ed como el calendario electoral espec\u00edfico.<\/p>\n<p><!--more--><\/p>\n<p>\u00a0<\/p>\n<p><strong><span style=\"font-family: 'Arial','sans-serif'; font-size: 16pt;\"><span style=\"color: #000000;\">ELECCIONES PARA PRESIDENCIA DE IFBB CANARIAS<\/span><\/span><\/strong><\/p>\n<p><strong> <\/strong><span style=\"font-family: 'Arial','sans-serif';\"><span style=\"font-size: small;\"><span style=\"color: #000000;\">Territorial Canaria de la Federaci\u00f3n Espa\u00f1ola de Fisicoculturismo y Fitness<\/span><\/span><\/span><span style=\"font-family: 'Arial','sans-serif';\"><span style=\"color: #000000; font-size: small;\"> <\/span><\/span><span style=\"font-family: 'Arial','sans-serif';\"><span style=\"color: #000000; font-size: small;\"> <\/span><\/span><\/p>\n<p><span style=\"font-family: 'Arial','sans-serif'; font-size: 10pt;\"><span style=\"color: #000000;\">Concluido el periodo vigente (cuatro a\u00f1os) de la presidencia de la territorial canaria que desde 2005 recae en Sabina Herrera Rodr\u00edguez, se abre de nuevo un proceso electoral para la presidencia de la territorial canaria correspondiente al ciclo que comenzar\u00e1 el 1 de enero de 2010 y concluir\u00e1 el 31 de diciembre de 2013. Un proceso electoral que tendr\u00e1 su d\u00eda de votaciones fijado para el 19 de diciembre a las 11:00 en la sede de la territorial (Gimnasio FitGym, Tenerife), y que en todo momento ser\u00e1 supervisado por la ejecutiva nacional y de acuerdo a las normas de la Ley del Deporte vigente y de FEFF.<\/span><\/span><span style=\"font-family: 'Arial','sans-serif'; font-size: 10pt;\"><span style=\"color: #000000;\"> <\/span><\/span><\/p>\n<p><strong><span style=\"font-family: 'Arial','sans-serif';\"><span style=\"font-size: small;\"><span style=\"color: #000000;\">JUNTA ELECTORAL<\/span><\/span><\/span><\/strong><span style=\"font-family: 'Arial','sans-serif'; font-size: 10pt;\"><span style=\"color: #000000;\"> <\/span><\/span><\/p>\n<p><span style=\"font-family: 'Arial','sans-serif'; font-size: 10pt;\"><span style=\"color: #000000;\">Ser\u00e1 un \u00f3rgano compuesto por 3 personas encargadas de tramitar y dar soluciones a todas las cuestiones relativas al proceso electoral. Observar\u00e1 el desarrollo de la votaci\u00f3n y dar\u00e1 fe de los resultados levantando acta de los mismos. La junta electoral estar\u00e1 formada por:<\/p>\n<p> <\/span><\/span><span style=\"font-family: 'Arial','sans-serif'; font-size: 10pt;\"><span style=\"color: #000000;\">&#8211; <span> <\/span>Yapci Ramos Cordero<br \/> <\/span><\/span><span style=\"font-family: 'Arial','sans-serif'; font-size: 10pt;\"><span style=\"color: #000000;\">&#8211; <span> <\/span>Juan Cruz Delgado<br \/> <\/span><\/span><span style=\"font-family: 'Arial','sans-serif'; font-size: 10pt;\"><span style=\"color: #000000;\">&#8211; <span> <\/span>Jos\u00e9 Mar\u00eda Garc\u00eda Garc\u00eda. Vicepresidente de FEFF<\/p>\n<p> Personas que no podr\u00e1n pertenecer a ninguna candidatura que concurra a las elecciones.<\/span><\/span><span style=\"font-family: 'Arial','sans-serif'; font-size: 10pt;\"><span style=\"color: #000000;\"> <br \/> <\/span><\/span><span style=\"font-family: 'Arial','sans-serif'; font-size: 10pt;\"><span style=\"color: #000000;\">Ser\u00e1 adem\u00e1s \u00f3rgano de apelaci\u00f3n un \u00f3rgano independiente compuesto presidente y vicepresidentes de FEFF.<\/span><\/span><span style=\"font-family: 'Arial','sans-serif'; font-size: 10pt;\"><span style=\"color: #000000;\"> <\/span><\/span><\/p>\n<p><strong><span style=\"font-family: 'Arial','sans-serif';\"><span style=\"font-size: small;\"><span style=\"color: #000000;\">CANDIDATURAS<\/span><\/span><\/span><\/strong><span style=\"font-family: 'Arial','sans-serif'; font-size: 10pt;\"><span style=\"color: #000000;\"> <\/span><\/span><\/p>\n<p><span style=\"font-family: 'Arial','sans-serif'; font-size: 10pt;\"><span style=\"color: #000000;\">Podr\u00e1n ser candidatos a estas elecciones, todos los <strong>afiliados<\/strong> por la territorial dados de alta antes del 30 de octubre de 2009 y que acrediten haber estado afiliado con anterioridad en la temporada 2008, o dos cualesquiera desde 2005 (incluido). Adem\u00e1s no ha de tener causa abierta disciplinaria o estar en procedimiento penal jur\u00eddico o administrativo. Afiliaciones de cualquier tipo como competidores, jueces, aficionados, entrenadores, etc\u2026 <\/span><\/span><span style=\"font-family: 'Arial','sans-serif'; font-size: 10pt;\"><span style=\"color: #000000;\"> <\/span><\/span><\/p>\n<p><span style=\"font-family: 'Arial','sans-serif'; font-size: 10pt;\"><span style=\"color: #000000;\">Las candidaturas ser\u00e1n del tipo sencillo; el nombre del candidato a la presidencia y la Junta Directiva que se formar\u00eda en el puesto en concreto.<\/span><\/span><\/p>\n<p><span style=\"color: #000000;\"><span style=\"font-size: 10pt;\"><span><span style=\"font-family: Times New Roman;\">&#8211;<span style=\"font-family: 'Times New Roman'; font-style: normal; font-variant: normal; font-weight: normal; font-size: 7pt; line-height: normal; font-size-adjust: none; font-stretch: normal;\"> <\/span><\/span><\/span><\/span><span style=\"font-family: 'Arial','sans-serif'; font-size: 10pt;\">Presidente Territorial<br \/> <\/span><\/span><span style=\"color: #000000;\"><span style=\"font-size: 10pt;\"><span><span style=\"font-family: Times New Roman;\">&#8211;<span style=\"font-family: 'Times New Roman'; font-style: normal; font-variant: normal; font-weight: normal; font-size: 7pt; line-height: normal; font-size-adjust: none; font-stretch: normal;\"> <\/span><\/span><\/span><\/span><span style=\"font-family: 'Arial','sans-serif'; font-size: 10pt;\">Presidente Comit\u00e9 Jueces<br \/> <\/span><\/span><span style=\"color: #000000;\"><span style=\"font-size: 10pt;\"><span><span style=\"font-family: Times New Roman;\">&#8211;<span style=\"font-family: 'Times New Roman'; font-style: normal; font-variant: normal; font-weight: normal; font-size: 7pt; line-height: normal; font-size-adjust: none; font-stretch: normal;\"> <\/span><\/span><\/span><\/span><span style=\"font-family: 'Arial','sans-serif'; font-size: 10pt;\">Secretario<br \/> <\/span><\/span><span style=\"color: #000000;\"><span style=\"font-size: 10pt;\"><span><span style=\"font-family: Times New Roman;\">&#8211;<span style=\"font-family: 'Times New Roman'; font-style: normal; font-variant: normal; font-weight: normal; font-size: 7pt; line-height: normal; font-size-adjust: none; font-stretch: normal;\"> <\/span><\/span><\/span><\/span><span style=\"font-family: 'Arial','sans-serif'; font-size: 10pt;\">Tesorero<\/span><\/span><span style=\"font-family: 'Arial','sans-serif'; font-size: 10pt;\"><span style=\"color: #000000;\"> <\/span><\/span><\/p>\n<p><span style=\"font-family: 'Arial','sans-serif'; font-size: 10pt;\"><span style=\"color: #000000;\">Se podr\u00e1n a\u00f1adir tantos como crea conveniente el candidato.<\/span><\/span><span style=\"font-family: 'Arial','sans-serif'; font-size: 10pt;\"><span style=\"color: #000000;\"> <\/span><\/span><span style=\"font-family: 'Arial','sans-serif'; font-size: 10pt;\"><span style=\"color: #000000;\">Las candidaturas ser\u00e1n entregadas por correo certificado a la junta electoral y a la secretaria nacional, dentro de las fechas concertadas en el calendario electoral que se muestra a continuaci\u00f3n.<\/span><\/span><span style=\"font-family: 'Arial','sans-serif'; font-size: 10pt;\"><span style=\"color: #000000;\"> <\/span><\/span><\/p>\n<p><strong><span style=\"font-family: 'Arial','sans-serif';\"><span style=\"font-size: small;\"><span style=\"color: #000000;\">VOTANTES<\/span><\/span><\/span><\/strong><span style=\"font-family: 'Arial','sans-serif'; font-size: 10pt;\"><span style=\"color: #000000;\"> <\/span><\/span><\/p>\n<p><span style=\"font-family: 'Arial','sans-serif'; font-size: 10pt;\"><span style=\"color: #000000;\">Tendr\u00e1n voto todos los <strong>clubes afiliados<\/strong> esta temporada antes del 30 de octubre de 2009. Ser\u00e1 publicado en breve el censo electoral facilitado por la secretar\u00eda nacional con la relaci\u00f3n de clubes inscritos a lo largo de la temporada actual.<\/span><\/span><span style=\"font-family: 'Arial','sans-serif'; font-size: 10pt;\"><span style=\"color: #000000;\"> <\/span><\/span><strong><span style=\"font-family: 'Arial','sans-serif'; font-size: 10pt;\"><span style=\"color: #000000;\"> <\/span><\/span><\/strong><\/p>\n<p><strong><\/strong><strong><span style=\"font-family: 'Arial','sans-serif';\"><span style=\"font-size: small;\"><span style=\"color: #000000;\">VOTOS<\/span><\/span><\/span><\/strong><span style=\"font-family: 'Arial','sans-serif'; font-size: 10pt;\"><span style=\"color: #000000;\"> <\/span><\/span><\/p>\n<p><span style=\"font-family: 'Arial','sans-serif'; font-size: 10pt;\"><span style=\"color: #000000;\">Existen dos procedimientos de voto:<\/span><\/span><\/p>\n<p><span style=\"color: #000000;\"><span style=\"font-size: 10pt;\"><span><span style=\"font-family: Times New Roman;\">&#8211;<span style=\"font-family: 'Times New Roman'; font-style: normal; font-variant: normal; font-weight: normal; font-size: 7pt; line-height: normal; font-size-adjust: none; font-stretch: normal;\"> <\/span><\/span><\/span><\/span><strong><span style=\"font-family: 'Arial','sans-serif'; font-size: 10pt;\">Correo certificado<\/span><\/strong><span style=\"font-family: 'Arial','sans-serif'; font-size: 10pt;\"> con escrito firmado con<span> <\/span>DNI del responsable del club y sobre aparte cerrado con la candidatura elegida a la direcci\u00f3n de la secretar\u00eda nacional, antes de una semana antes de la fecha de la votaci\u00f3n en Asamblea territorial.<\/span><\/span><\/p>\n<blockquote>\n<blockquote>\n<p><span style=\"color: #000000;\"><span style=\"font-family: 'Courier New'; font-size: 10pt;\"><span><span style=\"font-family: 'Times New Roman'; font-style: normal; font-variant: normal; font-weight: normal; font-size: 7pt; line-height: normal; font-size-adjust: none; font-stretch: normal;\"> <\/span><\/span><\/span><span style=\"font-family: 'Arial','sans-serif'; font-size: 10pt;\">Secretar\u00eda Nacional IFBB Espa\u00f1a (FEFF)<br \/> <\/span><\/span><span style=\"font-family: 'Arial','sans-serif'; font-size: 10pt;\"><span style=\"color: #000000;\">Paseo Europa, 15. Local, 7<br \/> 08397 Pineda de Mar<br \/> Barcelona<\/span><\/span><\/p>\n<\/blockquote>\n<\/blockquote>\n<p><span style=\"font-family: 'Arial','sans-serif'; font-size: 10pt;\"><span style=\"color: #000000;\"> <\/span><\/span><span style=\"color: #000000;\"><span style=\"font-size: 10pt;\"><span><span style=\"font-family: Times New Roman;\">&#8211;<span style=\"font-family: 'Times New Roman'; font-style: normal; font-variant: normal; font-weight: normal; font-size: 7pt; line-height: normal; font-size-adjust: none; font-stretch: normal;\"> <\/span><\/span><\/span><\/span><strong><span style=\"font-family: 'Arial','sans-serif'; font-size: 10pt;\">En la Asamblea territorial<\/span><\/strong><span style=\"font-family: 'Arial','sans-serif'; font-size: 10pt;\"> convocada para el 19 de diciembre de 2009, en las urnas habilitadas y abiertas desde el comienzo de la asamblea (11:00 h) hasta su fin, en la que la Junta Electoral presente formalizar\u00e1 el recuento de votos y rellenar\u00e1 el Acta de Resultados, que ser\u00e1 enviada a la secretar\u00eda nacional para que una vez validados los pasos, se comuniquen los resultados y la proclamaci\u00f3n del nuevo Presidente.<\/span><\/span><span style=\"font-family: 'Arial','sans-serif'; font-size: 10pt;\"><span style=\"color: #000000;\"> <\/span><\/span><\/p>\n<p><strong><span style=\"font-family: 'Arial','sans-serif';\"><span style=\"font-size: small;\"><span style=\"color: #000000;\">CALENDARIO ELECTORAL<\/span><\/span><\/span><\/strong><span style=\"font-family: 'Arial','sans-serif'; font-size: 10pt;\"><span style=\"color: #000000;\"> <\/span><\/span><\/p>\n<p><span style=\"color: #000000;\"><span style=\"font-size: 10pt;\"><span><span style=\"font-family: Times New Roman;\">&#8211;<span style=\"font-family: 'Times New Roman'; font-style: normal; font-variant: normal; font-weight: normal; font-size: 7pt; line-height: normal; font-size-adjust: none; font-stretch: normal;\"> <\/span><\/span><\/span><\/span><span style=\"font-family: 'Arial','sans-serif'; font-size: 10pt;\">Del 12\/11\/2009 al 19\/11\/2009informaci\u00f3n y difusi\u00f3n de las elecciones<\/span><\/span><\/p>\n<p><span style=\"color: #000000;\"><span style=\"font-size: 10pt;\"><span><span style=\"font-family: Times New Roman;\">&#8211;<span style=\"font-family: 'Times New Roman'; font-style: normal; font-variant: normal; font-weight: normal; font-size: 7pt; line-height: normal; font-size-adjust: none; font-stretch: normal;\"> <\/span><\/span><\/span><\/span><span style=\"font-family: 'Arial','sans-serif'; font-size: 10pt;\">Del 20\/11\/2009 al 25\/11\/2009 presentaci\u00f3n de candidaturas<\/span><\/span><\/p>\n<p><span style=\"color: #000000;\"><span style=\"font-size: 10pt;\"><span><span style=\"font-family: Times New Roman;\">&#8211;<span style=\"font-family: 'Times New Roman'; font-style: normal; font-variant: normal; font-weight: normal; font-size: 7pt; line-height: normal; font-size-adjust: none; font-stretch: normal;\"> <\/span><\/span><\/span><\/span><span style=\"font-family: 'Arial','sans-serif'; font-size: 10pt;\">Del 26\/11\/2009 al 28\/11\/2009 comunicaci\u00f3n candidaturas a secretar\u00eda Nacional IFBB<\/span><\/span><\/p>\n<p><span style=\"color: #000000;\"><span style=\"font-size: 10pt;\"><span><span style=\"font-family: Times New Roman;\">&#8211;<span style=\"font-family: 'Times New Roman'; font-style: normal; font-variant: normal; font-weight: normal; font-size: 7pt; line-height: normal; font-size-adjust: none; font-stretch: normal;\"> <\/span><\/span><\/span><\/span><span style=\"font-family: 'Arial','sans-serif'; font-size: 10pt;\">Del 29\/11\/2009 al 01\/12\/2009 publicaci\u00f3n definitiva de candidaturas<\/span><\/span><\/p>\n<p><span style=\"color: #000000;\"><span style=\"font-size: 10pt;\"><span><span style=\"font-family: Times New Roman;\">&#8211;<span style=\"font-family: 'Times New Roman'; font-style: normal; font-variant: normal; font-weight: normal; font-size: 7pt; line-height: normal; font-size-adjust: none; font-stretch: normal;\"> <\/span><\/span><\/span><\/span><span style=\"font-family: 'Arial','sans-serif'; font-size: 10pt;\">Del 02\/12\/2009 al 12\/12\/2009 periodo de votos por correo<\/span><\/span><\/p>\n<p><span style=\"color: #000000;\"><span style=\"font-size: 10pt;\"><span><span style=\"font-family: Times New Roman;\">&#8211;<span style=\"font-family: 'Times New Roman'; font-style: normal; font-variant: normal; font-weight: normal; font-size: 7pt; line-height: normal; font-size-adjust: none; font-stretch: normal;\"> <\/span><\/span><\/span><\/span><span style=\"font-family: 'Arial','sans-serif'; font-size: 10pt;\">El <strong>19\/12\/2009<\/strong> Asamblea territorial y jornada electoral (11:00 h)<\/span><\/span><\/p>\n<p><span style=\"color: #000000;\"><span style=\"font-size: 10pt;\"><span><span style=\"font-family: Times New Roman;\">&#8211;<span style=\"font-family: 'Times New Roman'; font-style: normal; font-variant: normal; font-weight: normal; font-size: 7pt; line-height: normal; font-size-adjust: none; font-stretch: normal;\"> <\/span><\/span><\/span><\/span><span style=\"font-family: 'Arial','sans-serif'; font-size: 10pt;\">Del 20\/12\/2009 al 22\/12\/2009 env\u00edo de documentaci\u00f3n a secretar\u00eda Nacional IFBB<\/span><\/span><\/p>\n<p><span style=\"color: #000000;\"><span style=\"font-size: 10pt;\"><span><span style=\"font-family: Times New Roman;\">&#8211;<span style=\"font-family: 'Times New Roman'; font-style: normal; font-variant: normal; font-weight: normal; font-size: 7pt; line-height: normal; font-size-adjust: none; font-stretch: normal;\"> <\/span><\/span><\/span><\/span><span style=\"font-family: 'Arial','sans-serif'; font-size: 10pt;\">Del 23\/12\/2009 al 28\/12\/2009 periodo de reclamaciones (comit\u00e9 de apelaci\u00f3n<\/span><\/span><\/p>\n<p><span style=\"color: #000000;\"><span style=\"font-family: 'Arial','sans-serif'; font-size: 10pt;\">)<\/span><\/span><span style=\"color: #000000;\"><span style=\"font-size: 10pt;\"><span><span style=\"font-family: Times New Roman;\">&#8211;<span style=\"font-family: 'Times New Roman'; font-style: normal; font-variant: normal; font-weight: normal; font-size: 7pt; line-height: normal; font-size-adjust: none; font-stretch: normal;\"> <\/span><\/span><\/span><\/span><span style=\"font-family: 'Arial','sans-serif'; font-size: 10pt;\">El 29\/12\/2009 comunicaci\u00f3n de la lista ganadora de las elecciones y proclamaci\u00f3n del nuevo Presidente Territorial.<\/span><\/span><span style=\"font-family: 'Arial','sans-serif'; font-size: 10pt;\"><span style=\"color: #000000;\"> <\/span><\/span><span style=\"font-family: 'Arial','sans-serif'; font-size: 10pt;\"><span style=\"color: #000000;\"> <\/span><\/span><\/p>\n<p><span style=\"font-family: 'Arial','sans-serif'; font-size: 10pt;\"><span style=\"color: #000000;\">En la asamblea ordinaria de IFBB Espa\u00f1a (enero 2010) se presentar\u00e1 a la ejecutiva nacional los nuevos cargos electos. <\/span><\/span><\/p>\n<p><span style=\"font-family: 'Arial','sans-serif'; font-size: 10pt;\"><span style=\"color: #000000;\">A pesar de ello entrar\u00e1n en funcionamiento desde el 01 de enero de 2010. <\/span><\/span><\/p>\n<p><span style=\"font-family: 'Arial','sans-serif'; font-size: 10pt;\"><span style=\"color: #000000;\">La proclamaci\u00f3n definitiva del comit\u00e9 de apelaci\u00f3n no podr\u00e1 ser recurrida y ser\u00e1 vinculante.<\/span><\/span><span style=\"font-family: 'Arial','sans-serif'; font-size: 10pt;\"><span style=\"color: #000000;\"> <\/span><\/span><span style=\"font-family: 'Arial','sans-serif'; font-size: 10pt;\"><span style=\"color: #000000;\"> <\/span><\/span><span style=\"font-family: 'Arial','sans-serif'; font-size: 10pt;\"><span style=\"color: #000000;\"> <\/span><\/span><\/p>\n<p>\u00a0<\/p>\n<p><em><span style=\"font-family: 'Arial','sans-serif'; font-size: 10pt;\"><span style=\"color: #000000;\">Santa Cruz de Tenerife, 12 de noviembre de 2009<\/span><\/span><\/em><em><span style=\"font-family: 'Arial','sans-serif'; font-size: 10pt;\"><span style=\"color: #000000;\"> <\/span><\/span><\/em><em><span style=\"font-family: 'Arial','sans-serif'; font-size: 10pt;\"><span style=\"color: #000000;\">IFBB Canarias<\/span><\/span><\/em><\/p>\n<div style=\"margin: 20px 0;\"><div class=\"qrcswholewtapper\" style=\"text-align:left;\"><div class=\"qrcprowrapper\"  id=\"qrcwraa2leds\"><div class=\"qrc_canvass\" id=\"qrc_cuttenpages_2\" style=\"display:inline-block\" data-text=\"https:\/\/fisicos21.com\/?p=3352\"><\/div><div><a download=\"Elecciones en IFBB Canarias 2009.png\" class=\"qrcdownloads\" id=\"worign\">\r\n           <button type=\"button\" style=\"min-width:206px;background:#dddddd;color:#000;font-weight: 600;border: 1px solid #dddddd;border-radius:4px;font-size:12px;padding: 6px 0;\" class=\"uqr_code_btn\">Download QR<\/button>\r\n           <\/a><\/div><\/div><\/div><\/div>","protected":false},"excerpt":{"rendered":"<p>Elecciones en IFBB Canarias 2009 Este a\u00f1o 2009 se cumple el periodo electoral de cuatro a\u00f1os en lo que a la presidencia de la territorial canaria se refiere. As\u00ed que en los pr\u00f3ximos meses hasta final de a\u00f1o se abre un periodo electoral que culminar\u00e1 en la Asamblea Regional del pr\u00f3ximo 19 de diciembre, en [&hellip;]<\/p>\n","protected":false},"author":3,"featured_media":0,"comment_status":"open","ping_status":"closed","sticky":false,"template":"","format":"standard","meta":{"_monsterinsights_skip_tracking":false,"_monsterinsights_sitenote_active":false,"_monsterinsights_sitenote_note":"","_monsterinsights_sitenote_category":0,"footnotes":""},"categories":[64],"tags":[],"class_list":["post-3352","post","type-post","status-publish","format-standard","hentry","category-feff-ifbb-espana"],"_links":{"self":[{"href":"https:\/\/fisicos21.com\/index.php?rest_route=\/wp\/v2\/posts\/3352","targetHints":{"allow":["GET"]}}],"collection":[{"href":"https:\/\/fisicos21.com\/index.php?rest_route=\/wp\/v2\/posts"}],"about":[{"href":"https:\/\/fisicos21.com\/index.php?rest_route=\/wp\/v2\/types\/post"}],"author":[{"embeddable":true,"href":"https:\/\/fisicos21.com\/index.php?rest_route=\/wp\/v2\/users\/3"}],"replies":[{"embeddable":true,"href":"https:\/\/fisicos21.com\/index.php?rest_route=%2Fwp%2Fv2%2Fcomments&post=3352"}],"version-history":[{"count":0,"href":"https:\/\/fisicos21.com\/index.php?rest_route=\/wp\/v2\/posts\/3352\/revisions"}],"wp:attachment":[{"href":"https:\/\/fisicos21.com\/index.php?rest_route=%2Fwp%2Fv2%2Fmedia&parent=3352"}],"wp:term":[{"taxonomy":"category","embeddable":true,"href":"https:\/\/fisicos21.com\/index.php?rest_route=%2Fwp%2Fv2%2Fcategories&post=3352"},{"taxonomy":"post_tag","embeddable":true,"href":"https:\/\/fisicos21.com\/index.php?rest_route=%2Fwp%2Fv2%2Ftags&post=3352"}],"curies":[{"name":"wp","href":"https:\/\/api.w.org\/{rel}","templated":true}]}}